{"id":221416,"date":"2026-01-09T00:41:07","date_gmt":"2026-01-09T00:41:07","guid":{"rendered":"https:\/\/www.europesays.com\/pt\/221416\/"},"modified":"2026-01-09T00:41:07","modified_gmt":"2026-01-09T00:41:07","slug":"sabrina-sato-fala-sobre-estado-de-saude-do-pai-apos-diagnostico-de-cancer-temos-muita-fe","status":"publish","type":"post","link":"https:\/\/www.europesays.com\/pt\/221416\/","title":{"rendered":"Sabrina Sato fala sobre estado de sa\u00fade do pai ap\u00f3s diagn\u00f3stico de c\u00e2ncer: &#8220;Temos muita f\u00e9&#8221;"},"content":{"rendered":"<p>Em ritmo intenso de prepara\u00e7\u00e3o para o Carnaval, Sabrina Sato tem tido uma rotina agitada, conciliando os compromissos profissionais e cuidados com a fam\u00edlia. Em entrevista ao portal L\u00e9o Dias, a apresentadora e Rainha de Bateria da Vila Isabel contou como tem conseguido conciliar as demandas e falou sobre o estado de sa\u00fade do pai, seu Omar Rahal, que segue em tratamento contra um c\u00e2ncer no p\u00e2ncreas.<\/p>\n<p>\u201c\u00c9 carnaval, \u00e9 filha, \u00e9 marido, \u00e9 trabalho, um milh\u00e3o de coisas acontecendo, mas a gente consegue dar conta. E eu sou muito grata porque eu amo a vida toda colorida, a vida assim, com esses sorrisos, com essas pessoas. Para mim, \u00e9 sempre muito bom (\u2026) Sobre meu pai, ele est\u00e1 bem, j\u00e1 saiu do hospital, passou o Ano Novo j\u00e1 em casa\u201d, afirmou.<\/p>\n<p>Na ocasi\u00e3o, Sabrina ainda ressaltou a import\u00e2ncia da f\u00e9 e da uni\u00e3o da fam\u00edlia neste momento desafiador: \u201cTemos muita f\u00e9, a gente ora muito, a nossa fam\u00edlia \u00e9 muito unida. Ent\u00e3o, estou sempre agradecida por tudo. Por ter meus irm\u00e3os, por ter minha fam\u00edlia, por ter todo mundo junto nesse momento\u201d, destacou.<\/p>\n<p>Seu Omar Rahal passou por delicadas cirurgias em setembro de 2025 ap\u00f3s ser diagnosticado com c\u00e2ncer de p\u00e2ncreas. Em participa\u00e7\u00e3o no programa \u2018Saia Justa\u2019, no GNT, Sabrina contou como recebeu a not\u00edcia do problema de sa\u00fade do pai.<\/p>\n<p>\u201cEu n\u00e3o percebi que meus pais foram envelhecendo. Eu n\u00e3o senti isso, porque eles s\u00e3o muito independentes. Meu pai vive na fazenda e faz o que tem vontade. Ele \u00e9 aquele pai fil\u00f3sofo da fam\u00edlia que acorda mandando text\u00e3o no grupo da fam\u00edlia. E, na estreia do \u2018Sua Maravilhosa\u2019, gravei de manh\u00e3 at\u00e9 a noite, eu senti que o grupo da fam\u00edlia estava em sil\u00eancio. E a\u00ed, o Nicolas foi me buscar no trabalho e disse: \u2018Seu pai est\u00e1 com c\u00e2ncer, mas tem uma not\u00edcia muito boa, porque descobriram no in\u00edcio e vamos conseguir operar. A Zoe j\u00e1 dormiu, est\u00e1 tudo certo, vamos para o hospital v\u00ea-lo\u2019\u201d, relembrou Sabrina.<\/p>\n<p>Na ocasi\u00e3o, a artista ainda destacou qual foi a parte mais desafiadora deste processo de lidar com a situa\u00e7\u00e3o. \u201cPra mim, o mais dif\u00edcil, foi quando eu olhava meu pai, que sempre cuidou de todo mundo, que me carregava no colo, sempre forte, sempre saud\u00e1vel, muito independente, dirigindo para cima e para baixo, morando sozinho na fazenda. E a\u00ed ele em uma cama de hospital, a gente cuidando dele. E eu falei: \u2018Chegou esse momento de cuidarmos dele\u2019\u201d, afirmou.<\/p>\n","protected":false},"excerpt":{"rendered":"Em ritmo intenso de prepara\u00e7\u00e3o para o Carnaval, Sabrina Sato tem tido uma rotina agitada, conciliando os compromissos&hellip;\n","protected":false},"author":2,"featured_media":221417,"comment_status":"","ping_status":"","sticky":false,"template":"","format":"standard","meta":{"footnotes":""},"categories":[145],"tags":[211,210,114,115,32,33],"class_list":{"0":"post-221416","1":"post","2":"type-post","3":"status-publish","4":"format-standard","5":"has-post-thumbnail","7":"category-celebridades","8":"tag-celebridades","9":"tag-celebrities","10":"tag-entertainment","11":"tag-entretenimento","12":"tag-portugal","13":"tag-pt"},"share_on_mastodon":{"url":"https:\/\/pubeurope.com\/@pt\/115862364647879978","error":""},"_links":{"self":[{"href":"https:\/\/www.europesays.com\/pt\/wp-json\/wp\/v2\/posts\/221416","targetHints":{"allow":["GET"]}}],"collection":[{"href":"https:\/\/www.europesays.com\/pt\/wp-json\/wp\/v2\/posts"}],"about":[{"href":"https:\/\/www.europesays.com\/pt\/wp-json\/wp\/v2\/types\/post"}],"author":[{"embeddable":true,"href":"https:\/\/www.europesays.com\/pt\/wp-json\/wp\/v2\/users\/2"}],"replies":[{"embeddable":true,"href":"https:\/\/www.europesays.com\/pt\/wp-json\/wp\/v2\/comments?post=221416"}],"version-history":[{"count":0,"href":"https:\/\/www.europesays.com\/pt\/wp-json\/wp\/v2\/posts\/221416\/revisions"}],"wp:featuredmedia":[{"embeddable":true,"href":"https:\/\/www.europesays.com\/pt\/wp-json\/wp\/v2\/media\/221417"}],"wp:attachment":[{"href":"https:\/\/www.europesays.com\/pt\/wp-json\/wp\/v2\/media?parent=221416"}],"wp:term":[{"taxonomy":"category","embeddable":true,"href":"https:\/\/www.europesays.com\/pt\/wp-json\/wp\/v2\/categories?post=221416"},{"taxonomy":"post_tag","embeddable":true,"href":"https:\/\/www.europesays.com\/pt\/wp-json\/wp\/v2\/tags?post=221416"}],"curies":[{"name":"wp","href":"https:\/\/api.w.org\/{rel}","templated":true}]}}