{"id":221418,"date":"2026-01-09T00:44:17","date_gmt":"2026-01-09T00:44:17","guid":{"rendered":"https:\/\/www.europesays.com\/pt\/221418\/"},"modified":"2026-01-09T00:44:17","modified_gmt":"2026-01-09T00:44:17","slug":"flor-confessa-mentira-devastadora-e-abala-toda-a-familia-em-terra-forte","status":"publish","type":"post","link":"https:\/\/www.europesays.com\/pt\/221418\/","title":{"rendered":"Flor confessa mentira devastadora e abala toda a fam\u00edlia em \u201cTerra Forte\u201d"},"content":{"rendered":"<p>Cansada de viver numa teia de mentiras na novela \u201c<a href=\"https:\/\/www.atelevisao.com\/tag\/terra-forte\/\" data-type=\"post_tag\" data-id=\"105150\" rel=\"nofollow noopener\" target=\"_blank\">Terra Forte<\/a>\u201c, da TVI, Flor (Benedita Pereira) chega em completo desespero a casa da m\u00e3e, Rosa Maria (Cust\u00f3dia Gallego), pedindo-lhe apenas um abra\u00e7o. Entre l\u00e1grimas, anuncia uma decis\u00e3o que apanha a matriarca de surpresa: quer regressar aos A\u00e7ores com a fam\u00edlia, revela a TV Guia. A m\u00e3e n\u00e3o entende a urg\u00eancia nem acredita que Rosinha (Francisca Salgado) aceite essa mudan\u00e7a abrupta.<\/p>\n<ul class=\"toc-content h5\">\n<li><a href=\"#deixasteme-acreditar-que-estavas-morta\" class=\"table-link no-link anchor-link\" data-index=\"rb-heading-index-0\">\u201cDeixaste-me acreditar que estavas morta\u201d<\/a><\/li>\n<li><a href=\"#traicoes-segredos-e-uma-nova-ameaca\" class=\"table-link no-link anchor-link\" data-index=\"rb-heading-index-1\">Trai\u00e7\u00f5es, segredos e uma nova amea\u00e7a<\/a><\/li>\n<\/ul>\n<p>Perante a insist\u00eancia de Rosa Maria, Flor acaba por ceder e revelar a verdade que guardou durante demasiado tempo. \u201cEu lembro-me dele. Do Sammy. Eu menti, m\u00e3e. Menti desde o primeiro segundo. Eu nunca perdi a mem\u00f3ria\u201d, confessa, deixando a m\u00e3e em choque absoluto. A vingadora explica que, quando regressou \u00e0s Flores, reconhecia todos \u00e0 sua volta e que a alegada amn\u00e9sia nunca existiu. Apenas uma lacuna permanece: n\u00e3o sabe quem a atirou ao mar.<\/p>\n<p>A revela\u00e7\u00e3o deixa Rosa Maria devastada em \u201cTerra Forte\u201d, ainda mais quando percebe que a filha escolheu, conscientemente, desaparecer da vida de todos.<\/p>\n<p><strong>\u201cDeixaste-me acreditar que estavas morta\u201d<\/strong><\/p>\n<p>Rosa Maria explode em dor e revolta, incapaz de aceitar o sofrimento que viveu. \u201cComo \u00e9 que me deixaste pensar que estavas morta todo este tempo? Tens no\u00e7\u00e3o da dor que senti?\u201d, atira, exigindo que Flor se coloque no seu lugar. Em l\u00e1grimas, a filha pede perd\u00e3o, mas explica que tudo foi feito por medo e para se proteger do pr\u00f3prio pai, Manuel (Ant\u00f3nio Capelo).<\/p>\n<p>Flor revela ainda que sempre soube que foi Manuel quem matou o irm\u00e3o de Sammy (Jos\u00e9 Fidalgo) e quem destruiu \u00c1lvaro (Jos\u00e9 Wallenstein). O plano inicial era desaparecer apenas para o pai, usando a viagem como desculpa, at\u00e9 que Sammy a fosse encontrar em seguran\u00e7a. \u201cEra para ele me ir buscar depois, onde eu estivesse. Mas aquele acidente mudou tudo\u2026 s\u00f3 sobrevivi por milagre\u201d, explica.<\/p>\n<p>Quando Rosa Maria pensa que j\u00e1 ouviu tudo, Flor deixa cair a maior bomba de todas em \u201cTerra Forte\u201d: \u201cH\u00e1 uma coisa que muda tudo. A Rosinha n\u00e3o \u00e9 filha do Ant\u00f3nio. Ela \u00e9 filha do Sammy.\u201d A revela\u00e7\u00e3o explica finalmente a indigna\u00e7\u00e3o de Flor perante o namoro da filha com Dudu (Tom\u00e1s Taborda). Mais chocante ainda: Ant\u00f3nio (Jo\u00e3o Catarr\u00e9) sempre soube da verdade.<\/p>\n<p><strong>Trai\u00e7\u00f5es, segredos e uma nova amea\u00e7a<\/strong><\/p>\n<p>Flor admite que foi a gravidez de Rosinha que a levou a tentar esquecer o passado, mas confessa tamb\u00e9m que, j\u00e1 no Brasil, voltou a cair em tenta\u00e7\u00e3o. \u201cEu tra\u00ed o meu marido. E o Sammy traiu a Maria de F\u00e1tima. Percebe agora a dimens\u00e3o do problema?\u201d, assume, explicando que essa \u00e9 mais uma raz\u00e3o para querer abandonar o pa\u00eds o quanto antes.<\/p>\n<p>Rosa Maria recusa a fuga e insiste que a filha deve lutar pelo que \u00e9 seu. Para evitar mais conflitos em \u201cTerra Forte\u201d, prop\u00f5e uma solu\u00e7\u00e3o inesperada: Flor, Ant\u00f3nio e Rosinha v\u00e3o viver com ela, enquanto Carla (Marina Albuquerque) e o marido se mudam para casa do pai de Sammy. Quando Ant\u00f3nio chega e estranha a decis\u00e3o, Rosa Maria n\u00e3o lhe d\u00e1 espa\u00e7o para questionar, abra\u00e7ando a filha com for\u00e7a.<\/p>\n<p>Entretanto, longe dali, come\u00e7a uma nova artimanha. Maria de F\u00e1tima (Rita Pereira) recebe um envelope an\u00f3nimo a alert\u00e1-la de que Flor est\u00e1 prestes a roubar-lhe Sammy. Em choque, chama Susette (In\u00eas Faria) para investigar atrav\u00e9s das c\u00e2maras de seguran\u00e7a quem deixou a mensagem, sem desconfiar de que <strong>a mente por detr\u00e1s do plano \u00e9 a pr\u00f3pria empregada<\/strong>.<\/p>\n","protected":false},"excerpt":{"rendered":"Cansada de viver numa teia de mentiras na novela \u201cTerra Forte\u201c, da TVI, Flor (Benedita Pereira) chega em&hellip;\n","protected":false},"author":2,"featured_media":221419,"comment_status":"","ping_status":"","sticky":false,"template":"","format":"standard","meta":{"footnotes":""},"categories":[142],"tags":[114,115,32,33,151],"class_list":{"0":"post-221418","1":"post","2":"type-post","3":"status-publish","4":"format-standard","5":"has-post-thumbnail","7":"category-tv","8":"tag-entertainment","9":"tag-entretenimento","10":"tag-portugal","11":"tag-pt","12":"tag-tv"},"share_on_mastodon":{"url":"https:\/\/pubeurope.com\/@pt\/115862376476205019","error":""},"_links":{"self":[{"href":"https:\/\/www.europesays.com\/pt\/wp-json\/wp\/v2\/posts\/221418","targetHints":{"allow":["GET"]}}],"collection":[{"href":"https:\/\/www.europesays.com\/pt\/wp-json\/wp\/v2\/posts"}],"about":[{"href":"https:\/\/www.europesays.com\/pt\/wp-json\/wp\/v2\/types\/post"}],"author":[{"embeddable":true,"href":"https:\/\/www.europesays.com\/pt\/wp-json\/wp\/v2\/users\/2"}],"replies":[{"embeddable":true,"href":"https:\/\/www.europesays.com\/pt\/wp-json\/wp\/v2\/comments?post=221418"}],"version-history":[{"count":0,"href":"https:\/\/www.europesays.com\/pt\/wp-json\/wp\/v2\/posts\/221418\/revisions"}],"wp:featuredmedia":[{"embeddable":true,"href":"https:\/\/www.europesays.com\/pt\/wp-json\/wp\/v2\/media\/221419"}],"wp:attachment":[{"href":"https:\/\/www.europesays.com\/pt\/wp-json\/wp\/v2\/media?parent=221418"}],"wp:term":[{"taxonomy":"category","embeddable":true,"href":"https:\/\/www.europesays.com\/pt\/wp-json\/wp\/v2\/categories?post=221418"},{"taxonomy":"post_tag","embeddable":true,"href":"https:\/\/www.europesays.com\/pt\/wp-json\/wp\/v2\/tags?post=221418"}],"curies":[{"name":"wp","href":"https:\/\/api.w.org\/{rel}","templated":true}]}}