{"id":221424,"date":"2026-01-09T00:47:09","date_gmt":"2026-01-09T00:47:09","guid":{"rendered":"https:\/\/www.europesays.com\/pt\/221424\/"},"modified":"2026-01-09T00:47:09","modified_gmt":"2026-01-09T00:47:09","slug":"fc-porto-aguarda-aval-da-fifa-para-pietuszewski-treinar-e-jogar","status":"publish","type":"post","link":"https:\/\/www.europesays.com\/pt\/221424\/","title":{"rendered":"FC Porto aguarda aval da FIFA para Pietuszewski treinar e jogar"},"content":{"rendered":"<p>O futebolista polaco <a href=\"https:\/\/maisfutebol.iol.pt\/fc-porto\/porto\/fc-porto-farioli-com-tres-baixas-e-uma-ausencia-no-algarve\" target=\"_blank\" rel=\"nofollow noopener\"><strong>Oskar Pietuszewski j\u00e1 est\u00e1 com o plantel do FC Porto no est\u00e1gio que decorre desde ter\u00e7a-feira no Algarve<\/strong><\/a> e que termina esta sexta-feira, dia de jogo particular ante o Farense, mas ainda n\u00e3o pode treinar nem jogar pelos drag\u00f5es.<\/p>\n<p>Por ser menor de idade \u2013 Pietuszewski tem 17 anos \u2013 o mais recente refor\u00e7o do FC Porto ainda aguarda a conclus\u00e3o do processo de transfer\u00eancia junto da FIFA.<\/p>\n<p>Trata-se de um caso mais demorado e exigente devido \u00e0 idade do atleta e, nesta altura, depois de tratada toda a documenta\u00e7\u00e3o espec\u00edfica necess\u00e1ria junto da FIFA, os azuis e brancos esperam o aval da entidade para que o compatriota de Bednarek e Kiwior possa trabalhar \u00e0s ordens do treinador Francesco Farioli.<\/p>\n<p>Ao que o <strong>Maisfutebol<\/strong> apurou, \u00e9 expect\u00e1vel que a situa\u00e7\u00e3o seja resolvida em breve, podendo demorar cerca de dez dias. At\u00e9 agora, enquanto espera para trabalhar junto dos novos colegas (e sendo impedimento certo no jogo-treino com o Farense), o ex-jogador do Jagiellonia mant\u00e9m-se motivado e <a href=\"https:\/\/maisfutebol.iol.pt\/fc-porto\/oskar-pietuszewski\/pietuszewski-quero-jogar-marcar-fazer-assistencias-e-conquistar-trofeus\" target=\"_blank\" rel=\"nofollow noopener\"><strong>\u00abfeliz\u00bb pelo novo passo desportivo<\/strong><\/a> na carreira.<\/p>\n<p>Sendo menor, o contrato de trabalho desportivo de Pietuszewski n\u00e3o pode ter dura\u00e7\u00e3o superior a tr\u00eas \u00e9pocas desportivas. Ora, precisamente, <a href=\"https:\/\/maisfutebol.iol.pt\/fc-porto\/07-01-2026\/oficial-pietuszewski-assina-pelo-fc-porto-ate-2029\" target=\"_blank\" rel=\"nofollow noopener\"><strong>o FC Porto tem vinculado o jovem polaco at\u00e9 janeiro de 2029<\/strong><\/a>.<\/p>\n<p>Na quarta-feira, em declara\u00e7\u00f5es ao portal polaco Meczyki, o representante de Pietuszewski j\u00e1 tinha referido que a conclus\u00e3o da transfer\u00eancia ainda poderia demorar \u00abduas a tr\u00eas semanas\u00bb.<\/p>\n<p>\u00abO Oskar \u00e9 menor de idade, por isso a transfer\u00eancia ainda precisa de ser aprovada pela FIFA. Temos de aceitar que teremos de esperar um pouco para a sua estreia\u00bb, disse Mariusz Piekarski, em alus\u00e3o \u00e0 possibilidade de Pietuszewski j\u00e1 poder ou n\u00e3o ser op\u00e7\u00e3o ante o Benfica.<\/p>\n<p>Os drag\u00f5es preparam o cl\u00e1ssico dos quartos de final da Ta\u00e7a de Portugal, num jogo que est\u00e1 agendado para a pr\u00f3xima <a href=\"https:\/\/maisfutebol.iol.pt\/jogo\/fc-porto\/benfica\/13831605\" target=\"_blank\" rel=\"nofollow noopener\"><strong>quarta-feira, dia 14, no Est\u00e1dio do Drag\u00e3o, a partir das 20h45<\/strong><\/a>.<\/p>\n","protected":false},"excerpt":{"rendered":"O futebolista polaco Oskar Pietuszewski j\u00e1 est\u00e1 com o plantel do FC Porto no est\u00e1gio que decorre desde&hellip;\n","protected":false},"author":2,"featured_media":221425,"comment_status":"","ping_status":"","sticky":false,"template":"","format":"standard","meta":{"footnotes":""},"categories":[87],"tags":[135,282,1011,46,42825,42826,40370,40369,32,33,47,134,42827],"class_list":{"0":"post-221424","1":"post","2":"type-post","3":"status-publish","4":"format-standard","5":"has-post-thumbnail","7":"category-desporto","8":"tag-desporto","9":"tag-fc-porto","10":"tag-francesco-farioli","11":"tag-maisfutebol","12":"tag-mariusz-piekarski","13":"tag-noticias-fc-porto","14":"tag-oskar-pietuszewski","15":"tag-pietuszewski","16":"tag-portugal","17":"tag-pt","18":"tag-pura-paixao","19":"tag-sports","20":"tag-ultimas-fc-porto"},"share_on_mastodon":{"url":"https:\/\/pubeurope.com\/@pt\/115862388249056171","error":""},"_links":{"self":[{"href":"https:\/\/www.europesays.com\/pt\/wp-json\/wp\/v2\/posts\/221424","targetHints":{"allow":["GET"]}}],"collection":[{"href":"https:\/\/www.europesays.com\/pt\/wp-json\/wp\/v2\/posts"}],"about":[{"href":"https:\/\/www.europesays.com\/pt\/wp-json\/wp\/v2\/types\/post"}],"author":[{"embeddable":true,"href":"https:\/\/www.europesays.com\/pt\/wp-json\/wp\/v2\/users\/2"}],"replies":[{"embeddable":true,"href":"https:\/\/www.europesays.com\/pt\/wp-json\/wp\/v2\/comments?post=221424"}],"version-history":[{"count":0,"href":"https:\/\/www.europesays.com\/pt\/wp-json\/wp\/v2\/posts\/221424\/revisions"}],"wp:featuredmedia":[{"embeddable":true,"href":"https:\/\/www.europesays.com\/pt\/wp-json\/wp\/v2\/media\/221425"}],"wp:attachment":[{"href":"https:\/\/www.europesays.com\/pt\/wp-json\/wp\/v2\/media?parent=221424"}],"wp:term":[{"taxonomy":"category","embeddable":true,"href":"https:\/\/www.europesays.com\/pt\/wp-json\/wp\/v2\/categories?post=221424"},{"taxonomy":"post_tag","embeddable":true,"href":"https:\/\/www.europesays.com\/pt\/wp-json\/wp\/v2\/tags?post=221424"}],"curies":[{"name":"wp","href":"https:\/\/api.w.org\/{rel}","templated":true}]}}