{"id":221426,"date":"2026-01-09T00:48:22","date_gmt":"2026-01-09T00:48:22","guid":{"rendered":"https:\/\/www.europesays.com\/pt\/221426\/"},"modified":"2026-01-09T00:48:22","modified_gmt":"2026-01-09T00:48:22","slug":"estudo-na-revista-science-mostra-que-bebes-formam-memorias-aos-12-meses","status":"publish","type":"post","link":"https:\/\/www.europesays.com\/pt\/221426\/","title":{"rendered":"Estudo na revista Science mostra que beb\u00eas formam mem\u00f3rias aos 12 meses"},"content":{"rendered":"<p>As lembran\u00e7as podem exercer papel decisivo no desenvolvimento infantil. Do ponto de vista neurocient\u00edfico, experi\u00eancias marcantes ativam \u00e1reas fundamentais do c\u00e9rebro, como o hipocampo \u2014 respons\u00e1vel pela mem\u00f3ria \u2014 e o sistema l\u00edmbico, ligado \u00e0s emo\u00e7\u00f5es. Quanto maior a carga emocional positiva de uma situa\u00e7\u00e3o, maior a chance de ela ser consolidada como mem\u00f3ria de longo prazo, tornando-se uma refer\u00eancia interna que a crian\u00e7a acessa.<\/p>\n<p>Um fato chama aten\u00e7\u00e3o. Segundo o jornal franc\u00eas Le Monde, uma pesquisa publicada na revista Science revelou que aos 12 meses de idade, o hipocampo humano parece capaz de codificar \u201cmem\u00f3rias epis\u00f3dicas\u201d rudimentares, os alicerces da nossa mem\u00f3ria autobiogr\u00e1fica \u2013 muito antes da idade das primeiras mem\u00f3rias que conseguimos relatar como adultos. Os cientistas, liderados por Nicholas Turk-Brown da Universidade de Yale, realizaram o estudo com 26 crian\u00e7as entre 4 e 24 meses dentro de uma m\u00e1quina de resson\u00e2ncia magn\u00e9tica (MRI) e estudaram as respostas cerebrais \u00e0s imagens apresentadas a elas.<\/p>\n<p>Durante o experimento, as crian\u00e7as observaram imagens de rostos, paisagens e objetos, projetadas no teto do aparelho. Assim, mediram a atividade do hipocampo enquanto estas imagens eram codificadas pelo c\u00e9rebro. A tecnologia permitiu aos pesquisadores avaliar a atividade neuronal no hipocampo medindo os n\u00edveis de oxig\u00eanio nos pequenos vasos sangu\u00edneos do c\u00e9rebro: quanto maior o n\u00edvel, mais ativa estava a regi\u00e3o. O resultado mostrou que aos 12 meses, o hipocampo (especialmente na regi\u00e3o posterior) revelou mais atividade para as imagens que as crian\u00e7as lembrariam um pouco depois. Essa regi\u00e3o posterior est\u00e1 associada \u00e0 fun\u00e7\u00e3o de mem\u00f3ria epis\u00f3dica em adultos.<\/p>\n<p>\u00c9 importante destacar que no campo educacional, as mem\u00f3rias de experi\u00eancias funcionam como \u201cpontes\u201d para o aprendizado. Ao vivenciar viagens, brincadeiras ao ar livre, contato com diferentes culturas ou at\u00e9 mudan\u00e7as simples de rotina, a crian\u00e7a amplia seu repert\u00f3rio cognitivo. O c\u00e9rebro aprende melhor quando consegue associar novos conte\u00fados a experi\u00eancias concretas j\u00e1 armazenadas. Assim, uma aula de geografia, ci\u00eancias ou l\u00edngua portuguesa passa a fazer mais sentido quando o aluno conecta o conte\u00fado \u00e0s pr\u00f3prias viv\u00eancias, o que estimula a curiosidade, a aten\u00e7\u00e3o e a capacidade de interpreta\u00e7\u00e3o.<\/p>\n<p>No aspecto emocional, as lembran\u00e7as das f\u00e9rias, por exemplo atuam como reguladoras internas. Experi\u00eancias de descanso, v\u00ednculo familiar, autonomia e divers\u00e3o estimulam a libera\u00e7\u00e3o de neurotransmissores como dopamina e serotonina, associados \u00e0 sensa\u00e7\u00e3o de bem-estar e seguran\u00e7a emocional. Essas mem\u00f3rias positivas ajudam a crian\u00e7a a lidar melhor com frustra\u00e7\u00f5es, desafios escolares e momentos de estresse, funcionando como um \u201cestoque emocional\u201d que refor\u00e7a a autoestima e a resili\u00eancia.<\/p>\n<p>Por outro lado, no desenvolvimento mental, o impacto est\u00e1 diretamente ligado \u00e0 neuroplasticidade \u2014 a capacidade do c\u00e9rebro de criar e reorganizar conex\u00f5es neurais. Durante as f\u00e9rias, a diversidade de est\u00edmulos ativa m\u00faltiplas \u00e1reas cerebrais, favorecendo a flexibilidade cognitiva, a criatividade e o pensamento cr\u00edtico. Ao longo do ano, o c\u00e9rebro recorre a essas conex\u00f5es para resolver problemas, elaborar emo\u00e7\u00f5es e adaptar-se a novas demandas.<\/p>\n","protected":false},"excerpt":{"rendered":"As lembran\u00e7as podem exercer papel decisivo no desenvolvimento infantil. Do ponto de vista neurocient\u00edfico, experi\u00eancias marcantes ativam \u00e1reas&hellip;\n","protected":false},"author":2,"featured_media":221427,"comment_status":"","ping_status":"","sticky":false,"template":"","format":"standard","meta":{"footnotes":""},"categories":[86],"tags":[116,32,33,117],"class_list":{"0":"post-221426","1":"post","2":"type-post","3":"status-publish","4":"format-standard","5":"has-post-thumbnail","7":"category-saude","8":"tag-health","9":"tag-portugal","10":"tag-pt","11":"tag-saude"},"share_on_mastodon":{"url":"https:\/\/pubeurope.com\/@pt\/115862392159303838","error":""},"_links":{"self":[{"href":"https:\/\/www.europesays.com\/pt\/wp-json\/wp\/v2\/posts\/221426","targetHints":{"allow":["GET"]}}],"collection":[{"href":"https:\/\/www.europesays.com\/pt\/wp-json\/wp\/v2\/posts"}],"about":[{"href":"https:\/\/www.europesays.com\/pt\/wp-json\/wp\/v2\/types\/post"}],"author":[{"embeddable":true,"href":"https:\/\/www.europesays.com\/pt\/wp-json\/wp\/v2\/users\/2"}],"replies":[{"embeddable":true,"href":"https:\/\/www.europesays.com\/pt\/wp-json\/wp\/v2\/comments?post=221426"}],"version-history":[{"count":0,"href":"https:\/\/www.europesays.com\/pt\/wp-json\/wp\/v2\/posts\/221426\/revisions"}],"wp:featuredmedia":[{"embeddable":true,"href":"https:\/\/www.europesays.com\/pt\/wp-json\/wp\/v2\/media\/221427"}],"wp:attachment":[{"href":"https:\/\/www.europesays.com\/pt\/wp-json\/wp\/v2\/media?parent=221426"}],"wp:term":[{"taxonomy":"category","embeddable":true,"href":"https:\/\/www.europesays.com\/pt\/wp-json\/wp\/v2\/categories?post=221426"},{"taxonomy":"post_tag","embeddable":true,"href":"https:\/\/www.europesays.com\/pt\/wp-json\/wp\/v2\/tags?post=221426"}],"curies":[{"name":"wp","href":"https:\/\/api.w.org\/{rel}","templated":true}]}}