{"id":221431,"date":"2026-01-09T00:55:09","date_gmt":"2026-01-09T00:55:09","guid":{"rendered":"https:\/\/www.europesays.com\/pt\/221431\/"},"modified":"2026-01-09T00:55:09","modified_gmt":"2026-01-09T00:55:09","slug":"cotrim-escreve-carta-a-montenegro-para-negociar-3-reformas-observador","status":"publish","type":"post","link":"https:\/\/www.europesays.com\/pt\/221431\/","title":{"rendered":"Cotrim escreve carta a Montenegro para negociar 3 reformas \u2013 Observador"},"content":{"rendered":"<p>\u00c9 uma carta dirigida formalmente por email esta noite a Lu\u00eds Montenegro, mas o verdadeiro destinat\u00e1rio s\u00e3o os eleitores de centro-direita. Cotrim de Figueiredo formaliza por escrito a inten\u00e7\u00e3o de ser \u201cparceiro\u201d e dar-lhe \u201co devido respaldo pol\u00edtico\u201d, caso o Governo negoceie com ele tr\u00eas reformas estruturais.<\/p>\n<p>O candidato escreve que analisou com detalhe a Agenda Transformadora para Portugal constante do Programa de Governo e confirmou: \u201cPartilhamos em grande medida o diagn\u00f3stico de que h\u00e1 muito a fazer.\u201d<\/p>\n<p>A seguir prop\u00f5e reformas estruturais em tr\u00eas \u00e1reas: a sa\u00fade, um dos maiores problemas da popula\u00e7\u00e3o e que est\u00e1 na ordem do dia por causa dos atrasos do INEM; a economia, uma das bandeiras de sempre dos liberais; e a Seguran\u00e7a Social, para aumentar as pens\u00f5es, e piscar o olho ao eleitorado mais s\u00e9nior, que Cotrim de Figueiredo tanto tem tentado cativar.<\/p>\n<p>Mas deixa margem para serem outras tr\u00eas \u00e1reas a escolher pelo Governo, de entre os dez eixos da sua agenda transformadora: \u201cGostaria ainda de esclarecer algo fundamental para o futuro da nossa salutar colabora\u00e7\u00e3o institucional: quais s\u00e3o, na vis\u00e3o de V. Exa. e da sua equipa, as tr\u00eas \u00e1reas de interven\u00e7\u00e3o priorit\u00e1ria no que a reformas estruturais diz respeito.\u201d<\/p>\n<p>A carta termina a sublinhar o tom de colabora\u00e7\u00e3o: \u201cConte comigo. Conto consigo. Os portugueses contam connosco.\u201d<\/p>\n<p>O envio desta carta ao primeiro-ministro foi anunciado por Jo\u00e3o Cotrim de Figueiredo num jantar com cerca de 170 apoiantes, num restaurante em Gaia, com outra novidade importante: Jo\u00e3o Cotrim de Figueiredo verbalizou a previs\u00e3o de que Ant\u00f3nio Jos\u00e9 Seguro ir\u00e1 \u00e0 segunda volta, para apelar ao voto na sua candidatura e evitar que a decis\u00e3o seja entre o candidato socialista e Andr\u00e9 Ventura..<\/p>\n<p>Dirigindo-se aos \u201cportugueses que anseiam por mudan\u00e7a\u201d, recordou que as sondagens mais recentes (numa alus\u00e3o \u00e1 tracking poll da CNN) t\u00eam apontado o mesmo trio \u00e0 frente. \u201cVamos assumir que Seguro ir\u00e1 \u00e0 segunda volta. Se for com Ventura ganha. Se for comigo a realidade ser\u00e1 bem diferente\u201d, prometeu.<\/p>\n<p>\u201cQuem vota em Ventura est\u00e1 na pr\u00e1tica a garantir a elei\u00e7\u00e3o de Seguro. Votar Ventura \u00e9 eleger Seguro. Quem quer mudar Portugal tem uma solu\u00e7\u00e3o clara: votar Cotrim. Eu vou \u00e0 segunda volta\u201d, asseverou.<\/p>\n<p>Antes, tinha lan\u00e7ado uma provoca\u00e7\u00e3o a Marques Mendes: \u201cEsta candidatura \u00e9 a \u00fanica que transcende em muito a \u00e1rea pol\u00edtica do candidato, enquanto outros nem cativam metade do eleitorado do partido que os apoia\u201d.<\/p>\n<p>No in\u00edcio do discurso, auto-proclamou-se: \u201cSe tivesse de dizer numa frase, diria: Eu estou aqui porque quero ser o Presidente da esperan\u00e7a\u201d.<\/p>\n","protected":false},"excerpt":{"rendered":"\u00c9 uma carta dirigida formalmente por email esta noite a Lu\u00eds Montenegro, mas o verdadeiro destinat\u00e1rio s\u00e3o os&hellip;\n","protected":false},"author":2,"featured_media":221432,"comment_status":"","ping_status":"","sticky":false,"template":"","format":"standard","meta":{"footnotes":""},"categories":[10],"tags":[27,28,1077,15,16,14,4578,7606,25,26,7604,590,21,22,12,13,19,20,57,302,32,1076,23,24,33,58,17,18,29,30,31],"class_list":{"0":"post-221431","1":"post","2":"type-post","3":"status-publish","4":"format-standard","5":"has-post-thumbnail","7":"category-portugal","8":"tag-breaking-news","9":"tag-breakingnews","10":"tag-eleiu00e7u00f5es","11":"tag-featured-news","12":"tag-featurednews","13":"tag-headlines","14":"tag-iniciativa-liberal","15":"tag-jou00e3o-cotrim-de-figueiredo","16":"tag-latest-news","17":"tag-latestnews","18":"tag-luu00eds-marques-mendes","19":"tag-luu00eds-montenegro","20":"tag-main-news","21":"tag-mainnews","22":"tag-news","23":"tag-noticias","24":"tag-noticias-principais","25":"tag-noticiasprincipais","26":"tag-pau00eds","27":"tag-polu00edtica","28":"tag-portugal","29":"tag-presidenciais-2026","30":"tag-principais-noticias","31":"tag-principaisnoticias","32":"tag-pt","33":"tag-sociedade","34":"tag-top-stories","35":"tag-topstories","36":"tag-ultimas","37":"tag-ultimas-noticias","38":"tag-ultimasnoticias"},"share_on_mastodon":{"url":"","error":"Validation failed: Text character limit of 500 exceeded"},"_links":{"self":[{"href":"https:\/\/www.europesays.com\/pt\/wp-json\/wp\/v2\/posts\/221431","targetHints":{"allow":["GET"]}}],"collection":[{"href":"https:\/\/www.europesays.com\/pt\/wp-json\/wp\/v2\/posts"}],"about":[{"href":"https:\/\/www.europesays.com\/pt\/wp-json\/wp\/v2\/types\/post"}],"author":[{"embeddable":true,"href":"https:\/\/www.europesays.com\/pt\/wp-json\/wp\/v2\/users\/2"}],"replies":[{"embeddable":true,"href":"https:\/\/www.europesays.com\/pt\/wp-json\/wp\/v2\/comments?post=221431"}],"version-history":[{"count":0,"href":"https:\/\/www.europesays.com\/pt\/wp-json\/wp\/v2\/posts\/221431\/revisions"}],"wp:featuredmedia":[{"embeddable":true,"href":"https:\/\/www.europesays.com\/pt\/wp-json\/wp\/v2\/media\/221432"}],"wp:attachment":[{"href":"https:\/\/www.europesays.com\/pt\/wp-json\/wp\/v2\/media?parent=221431"}],"wp:term":[{"taxonomy":"category","embeddable":true,"href":"https:\/\/www.europesays.com\/pt\/wp-json\/wp\/v2\/categories?post=221431"},{"taxonomy":"post_tag","embeddable":true,"href":"https:\/\/www.europesays.com\/pt\/wp-json\/wp\/v2\/tags?post=221431"}],"curies":[{"name":"wp","href":"https:\/\/api.w.org\/{rel}","templated":true}]}}