{"id":221443,"date":"2026-01-09T01:04:09","date_gmt":"2026-01-09T01:04:09","guid":{"rendered":"https:\/\/www.europesays.com\/pt\/221443\/"},"modified":"2026-01-09T01:04:09","modified_gmt":"2026-01-09T01:04:09","slug":"boletim-da-fiocruz-indica-queda-nos-casos-de-srag-no-brasil","status":"publish","type":"post","link":"https:\/\/www.europesays.com\/pt\/221443\/","title":{"rendered":"Boletim da Fiocruz indica queda nos casos de SRAG no Brasil"},"content":{"rendered":"<p>O primeiro boletim InfoGripe de 2026, publicado pela Funda\u00e7\u00e3o Oswaldo Cruz (Fiocruz) nesta quinta-feira (8), revela uma queda nos casos de S\u00edndrome Respirat\u00f3ria Aguda Grave (SRAG) em n\u00edvel nacional, tanto em tend\u00eancias de longo quanto de curto prazo. N\u00e3o h\u00e1 incid\u00eancia em n\u00edvel de alerta, risco ou alto risco em quase todos os estados e capitais do pa\u00eds.<\/p>\n<p>Durante o ano de 2025, foram registradas 13.678 mortes por SRAG no Brasil. Nas \u00faltimas oito semanas, a incid\u00eancia e a mortalidade semanais m\u00e9dias seguem o padr\u00e3o de maior impacto nos extremos das faixas et\u00e1rias, com maior eleva\u00e7\u00e3o de casos entre crian\u00e7as pequenas e mortalidade concentrada principalmente em idosos.<\/p>\n<p>Em rela\u00e7\u00e3o a outros v\u00edrus respirat\u00f3rios com circula\u00e7\u00e3o relevante, o impacto nos casos de SRAG tem se concentrado entre as crian\u00e7as, associado principalmente ao rinov\u00edrus e ao metapneumov\u00edrus. Esse cen\u00e1rio abrange as quatro \u00faltimas semanas epidemiol\u00f3gicas, e os dados de incid\u00eancia e mortalidade est\u00e3o sujeitos a altera\u00e7\u00f5es.<\/p>\n<p>Dos \u00f3bitos notificados em 2025, 6.889 (50,4%) tiveram resultado laboratorial positivo para algum v\u00edrus respirat\u00f3rio, 5.524 (40,4%) foram negativos e pelo menos 222 (1,6%) aguardam resultado. Entre os positivos, 47,8% foram por influenza A, 1,8% por influenza B, 10,8% por v\u00edrus sincicial respirat\u00f3rio, 14,9% por rinov\u00edrus e 24,7% por Sars-CoV-2 (Covid-19).<\/p>\n<p>A an\u00e1lise refere-se \u00e0 Semana Epidemiol\u00f3gica 53, compreendendo o per\u00edodo de 28 de dezembro de 2025 a 3 de janeiro de 2026.<\/p>\n","protected":false},"excerpt":{"rendered":"O primeiro boletim InfoGripe de 2026, publicado pela Funda\u00e7\u00e3o Oswaldo Cruz (Fiocruz) nesta quinta-feira (8), revela uma queda&hellip;\n","protected":false},"author":2,"featured_media":221444,"comment_status":"","ping_status":"","sticky":false,"template":"","format":"standard","meta":{"footnotes":""},"categories":[86],"tags":[116,32,33,117],"class_list":{"0":"post-221443","1":"post","2":"type-post","3":"status-publish","4":"format-standard","5":"has-post-thumbnail","7":"category-saude","8":"tag-health","9":"tag-portugal","10":"tag-pt","11":"tag-saude"},"share_on_mastodon":{"url":"https:\/\/pubeurope.com\/@pt\/115862455126500181","error":""},"_links":{"self":[{"href":"https:\/\/www.europesays.com\/pt\/wp-json\/wp\/v2\/posts\/221443","targetHints":{"allow":["GET"]}}],"collection":[{"href":"https:\/\/www.europesays.com\/pt\/wp-json\/wp\/v2\/posts"}],"about":[{"href":"https:\/\/www.europesays.com\/pt\/wp-json\/wp\/v2\/types\/post"}],"author":[{"embeddable":true,"href":"https:\/\/www.europesays.com\/pt\/wp-json\/wp\/v2\/users\/2"}],"replies":[{"embeddable":true,"href":"https:\/\/www.europesays.com\/pt\/wp-json\/wp\/v2\/comments?post=221443"}],"version-history":[{"count":0,"href":"https:\/\/www.europesays.com\/pt\/wp-json\/wp\/v2\/posts\/221443\/revisions"}],"wp:featuredmedia":[{"embeddable":true,"href":"https:\/\/www.europesays.com\/pt\/wp-json\/wp\/v2\/media\/221444"}],"wp:attachment":[{"href":"https:\/\/www.europesays.com\/pt\/wp-json\/wp\/v2\/media?parent=221443"}],"wp:term":[{"taxonomy":"category","embeddable":true,"href":"https:\/\/www.europesays.com\/pt\/wp-json\/wp\/v2\/categories?post=221443"},{"taxonomy":"post_tag","embeddable":true,"href":"https:\/\/www.europesays.com\/pt\/wp-json\/wp\/v2\/tags?post=221443"}],"curies":[{"name":"wp","href":"https:\/\/api.w.org\/{rel}","templated":true}]}}