{"id":221449,"date":"2026-01-09T01:10:08","date_gmt":"2026-01-09T01:10:08","guid":{"rendered":"https:\/\/www.europesays.com\/pt\/221449\/"},"modified":"2026-01-09T01:10:08","modified_gmt":"2026-01-09T01:10:08","slug":"mendes-carrega-contra-cotrim-e-nao-descola-do-governo-observador","status":"publish","type":"post","link":"https:\/\/www.europesays.com\/pt\/221449\/","title":{"rendered":"Mendes carrega contra Cotrim e n\u00e3o descola do Governo \u2013 Observador"},"content":{"rendered":"<p>Sempre que se aproximam as 20h, os olhos da caravana e dos jornalistas passam a estar colados aos ecr\u00e3s dos telem\u00f3veis. O suspense aumenta. \u00c9 esta a hora a que \u00e9 divulgada a tracking poll di\u00e1ria da Pitag\u00f3rica, que tem baralhado as contas das campanhas e colocado Marques Mendes num inesperado quinto lugar \u2014 atr\u00e1s dos rivais da direita, incluindo o advers\u00e1rio mais direto nesse espa\u00e7o, Jo\u00e3o Cotrim Figueiredo. Com Mendes a colar-se ao Governo, na campanha afina-se o argument\u00e1rio para convencer o eleitorado da AD a n\u00e3o se deixar <strong>seduzir<\/strong> pelo liberal.<\/p>\n<p>A <strong>amea\u00e7a<\/strong> principal, admite-se na equipa de Mendes, \u00e9 mesmo o crescimento evidente, a julgar pelas sondagens, do antigo presidente da Iniciativa Liberal. Se antes da partida para a estrada se defendia que Cotrim \u2014 pelo tom e estilo de campanha assumidos \u2014 concorria mais diretamente com Andr\u00e9 Ventura, os n\u00fameros parecem agora contar uma hist\u00f3ria diferente.<\/p>\n<p>\u201cPode roubar-nos votos, e as sondagens correm o risco de nos desanimar, mas tamb\u00e9m de nos <strong>unir<\/strong>\u201c, j\u00e1 se admite na campanha. Por isso, a estrat\u00e9gia de resposta est\u00e1 a ser calculada com cuidado: a prioridade deve mesmo ser \u201cmobilizar o eleitorado da AD\u201d, uma vez que se acredita que, dada a simpatia de que Cotrim goza entre esses eleitores, \u201cn\u00e3o \u00e9 com <strong>ataques diretos<\/strong>\u201d ou t\u00e3o duros como os dirigidos ao almirante \u201cque se conseguem esses votos\u201d. A resposta passa ent\u00e3o por demonstrar que Mendes \u201ccria estabilidade\u201d e \u00e9 a resposta mais segura para a direita, especialmente a direita que simpatiza e votou neste Governo.<\/p>\n<p>N\u00e3o por acaso, na noite de quarta-feira, em \u00c9vora, Mendes \u2014 que tem sido sobretudo cr\u00edtico sobretudo do rival Henrique Gouveia e Melo \u2014\u00a0lan\u00e7ava farpas a <strong>Cotrim Figueiredo, <\/strong>apelando \u00e0 sensibilidade do eleitorado AD. \u201cO candidato da IL, com a <strong>divis\u00e3o<\/strong> que est\u00e1 a criar no espa\u00e7o da direita e centro-direita, s\u00f3 ajuda a favorecer o populismo\u201d, argumentava o social democrata. A ideia de que Cotrim concorre contra Ventura est\u00e1 aparentemente abandonada; agora, passa a ser priorit\u00e1rio reconhecer a <strong>relev\u00e2ncia<\/strong> do concorrente direto e dramatizar a situa\u00e7\u00e3o ao m\u00e1ximo.<\/p>\n<p>Na mesma noite, <strong>Hugo Soares<\/strong>, secret\u00e1rio-geral do PSD, l\u00edder parlamentar e bra\u00e7o direito de Lu\u00eds Montenegro, lembrava que Cotrim chegou a dizer, quando Mariana Leit\u00e3o ainda era a candidata apoiada pela IL (desistiu ap\u00f3s assumir a lideran\u00e7a do partido), que o cargo de Presidente n\u00e3o o \u201cfascina\u201d e que \u00e9 demasiado cerimonial para o seu gosto, pelo que n\u00e3o seria \u201cfeliz\u201d em Bel\u00e9m. \u00c9, portanto, um candidato <strong>\u201cfor\u00e7ado\u201d<\/strong>, apontou o l\u00edder parlamentar e homem forte do aparelho do PSD.<\/p>\n<p>Mendes vai deixando alguns recados sobre o liberal e as suas pol\u00edticas: enquanto defendia, no in\u00edcio da semana, a necessidade de <strong>reformar<\/strong> o Estado (com o ministro da reforma do Estado, Gon\u00e7alo Matias, ao seu lado) ou flexibilizar a economia, e enquanto elogia as baixas de impostos, vai agitando alguns <strong>pap\u00f5es<\/strong> sobre os liberais \u2014 j\u00e1 veio dizer, numa semana em que Cotrim insiste em a\u00e7\u00f5es de campanha dirigidas aos mais velhos, que \u201calguns liberais\u201d acreditam que a necessidade de aumentar as pens\u00f5es \u201c\u00e9 uma quest\u00e3o relativamente menor, uma quest\u00e3o de Excel ou estat\u00edstica, mas em favor da dignidade humana tem de estar no centro das aten\u00e7\u00f5es do Presidente\u201d.<\/p>\n<p>Mas a resposta mais relevante, e mais dirigida ao eleitorado da AD, viria sobre a garantia que Cotrim tinha deixado na tarde de quarta-feira sobre poder ser ele pr\u00f3prio, e n\u00e3o Mendes, o candidato mais \u201cfi\u00e1vel\u201d at\u00e9 do ponto de vista do Governo. \u201cSe o Governo est\u00e1 verdadeiramente interessado em fazer reformas, tem em mim um aliado muito <strong>mais fi\u00e1vel<\/strong> e muito mais persistente do que teria em qualquer outro\u201d, dissera o liberal, lembrando que foi o \u00fanico candidato que prometeu \u201csem tibiezas\u201d que promulgaria o pacote laboral. \u201cEsse candidato n\u00e3o foi Marques Mendes\u201d.<\/p>\n<p>Ora, Hugo Soares correu a responder: colando completamente o partido e o Governo \u00e0 candidatura de Mendes, defendeu um pa\u00eds com menos impostos, mais sal\u00e1rios, mais pens\u00f5es e ambi\u00e7\u00e3o \u2014 aquela de que o primeiro-ministro fala e que \u201cMendes tantas vezes tem repetido\u201d; defendeu que \u201cquem quer um pa\u00eds que tem neste Governo um Governo <strong>ambicioso<\/strong>, s\u00f3 tem um candidato para votar, que \u00e9 Marques Mendes\u201d; e quem j\u00e1 votou neste espa\u00e7o pol\u00edtico, quer estabilidade, n\u00e3o\u00a0quer \u201cdeitar o esfor\u00e7o dos portugueses borda fora\u201d nem quer que o pa\u00eds \u201cp\u00e1re\u201d s\u00f3 tem uma escolha \u201c\u00f3bvia\u201d.<\/p>\n<p>J\u00e1 depois de Mendes ter acusado Cotrim de dividir o espa\u00e7o da direita, o liberal aproveitou os n\u00fameros da tracking poll para lan\u00e7ar uma provoca\u00e7\u00e3o. \u201cQuem \u00e9 que est\u00e1 a fazer a divis\u00e3o do espa\u00e7o n\u00e3o socialista? As \u00faltimas sondagens que eu conhe\u00e7o d\u00e3o-no atr\u00e1s de mim. N\u00e3o sei quem \u00e9 que est\u00e1 a <strong>dividir<\/strong> o qu\u00ea\u201d, atirou, lembrando que se algu\u00e9m sobe 1%, algu\u00e9m tem de descer 1% nas inten\u00e7\u00f5es de voto \u2014 ou seja, sugerindo que est\u00e1 a haver uma transfer\u00eancia direta de inten\u00e7\u00f5es de votos de Mendes para si pr\u00f3prio. Se na pr\u00e9-campanha a equipa de Mendes se confortava com a ideia de que ambos cresciam simultaneamente nas sondagens, pelo que Cotrim n\u00e3o estaria a roubar-lhe eventuais votos, as circunst\u00e2ncias parecem ter <strong>mudado<\/strong>.<\/p>\n<p>A primeira edi\u00e7\u00e3o da tracking poll confirmava, de resto,\u00a0que a dispers\u00e3o do eleitorado da AD \u00e9 uma preocupa\u00e7\u00e3o real, sobretudo gra\u00e7as a Cotrim: \u00e9 a base eleitoral mais <strong>dispersa<\/strong>, sendo que s\u00f3 o equivalente a tr\u00eas em cada dez eleitores de Lu\u00eds Montenegro responderam que votar\u00e3o em Marques Mendes; e metade dos que votaram AD dizem que preferem um dos seus principais rivais \u2014 o liberal angariava um quarto dessas inten\u00e7\u00f5es de voto.<\/p>\n<p>Assim, Cotrim sugeriu que os partidos n\u00e3o devem considerar-se \u201cdonos dos eleitorados\u201d, num momento em que o PSD mostra todo o seu empenho na candidatura de Mendes e em chamar a ela todo o eleitorado da AD. E a picardia \u00e0 direita vai aumentando de tom a cada dia que passa.<\/p>\n","protected":false},"excerpt":{"rendered":"Sempre que se aproximam as 20h, os olhos da caravana e dos jornalistas passam a estar colados aos&hellip;\n","protected":false},"author":2,"featured_media":221450,"comment_status":"","ping_status":"","sticky":false,"template":"","format":"standard","meta":{"footnotes":""},"categories":[10],"tags":[27,28,1077,15,16,14,25,26,21,22,12,13,19,20,302,32,39544,23,24,33,17,18,29,30,31],"class_list":{"0":"post-221449","1":"post","2":"type-post","3":"status-publish","4":"format-standard","5":"has-post-thumbnail","7":"category-portugal","8":"tag-breaking-news","9":"tag-breakingnews","10":"tag-eleiu00e7u00f5es","11":"tag-featured-news","12":"tag-featurednews","13":"tag-headlines","14":"tag-latest-news","15":"tag-latestnews","16":"tag-main-news","17":"tag-mainnews","18":"tag-news","19":"tag-noticias","20":"tag-noticias-principais","21":"tag-noticiasprincipais","22":"tag-polu00edtica","23":"tag-portugal","24":"tag-presidenciais-2016","25":"tag-principais-noticias","26":"tag-principaisnoticias","27":"tag-pt","28":"tag-top-stories","29":"tag-topstories","30":"tag-ultimas","31":"tag-ultimas-noticias","32":"tag-ultimasnoticias"},"share_on_mastodon":{"url":"https:\/\/pubeurope.com\/@pt\/115862479117656207","error":""},"_links":{"self":[{"href":"https:\/\/www.europesays.com\/pt\/wp-json\/wp\/v2\/posts\/221449","targetHints":{"allow":["GET"]}}],"collection":[{"href":"https:\/\/www.europesays.com\/pt\/wp-json\/wp\/v2\/posts"}],"about":[{"href":"https:\/\/www.europesays.com\/pt\/wp-json\/wp\/v2\/types\/post"}],"author":[{"embeddable":true,"href":"https:\/\/www.europesays.com\/pt\/wp-json\/wp\/v2\/users\/2"}],"replies":[{"embeddable":true,"href":"https:\/\/www.europesays.com\/pt\/wp-json\/wp\/v2\/comments?post=221449"}],"version-history":[{"count":0,"href":"https:\/\/www.europesays.com\/pt\/wp-json\/wp\/v2\/posts\/221449\/revisions"}],"wp:featuredmedia":[{"embeddable":true,"href":"https:\/\/www.europesays.com\/pt\/wp-json\/wp\/v2\/media\/221450"}],"wp:attachment":[{"href":"https:\/\/www.europesays.com\/pt\/wp-json\/wp\/v2\/media?parent=221449"}],"wp:term":[{"taxonomy":"category","embeddable":true,"href":"https:\/\/www.europesays.com\/pt\/wp-json\/wp\/v2\/categories?post=221449"},{"taxonomy":"post_tag","embeddable":true,"href":"https:\/\/www.europesays.com\/pt\/wp-json\/wp\/v2\/tags?post=221449"}],"curies":[{"name":"wp","href":"https:\/\/api.w.org\/{rel}","templated":true}]}}