{"id":221461,"date":"2026-01-09T01:19:11","date_gmt":"2026-01-09T01:19:11","guid":{"rendered":"https:\/\/www.europesays.com\/pt\/221461\/"},"modified":"2026-01-09T01:19:11","modified_gmt":"2026-01-09T01:19:11","slug":"sono-dos-medicos-dormir-bem-para-cuidar-melhor","status":"publish","type":"post","link":"https:\/\/www.europesays.com\/pt\/221461\/","title":{"rendered":"Sono dos m\u00e9dicos: dormir bem para cuidar melhor"},"content":{"rendered":"<p>A literatura m\u00e9dica mostra que m\u00e9dicos, especialmente residentes e aqueles com plant\u00f5es noturnos ou jornadas prolongadas, frequentemente n\u00e3o dormem bem.<\/p>\n<p>A combina\u00e7\u00e3o de carga de trabalho intensa, estresse ocupacional e hor\u00e1rios irregulares resulta em um sono de curta dura\u00e7\u00e3o e baixa qualidade, com implica\u00e7\u00f5es graves para a sa\u00fade do profissional e a seguran\u00e7a do paciente.<\/p>\n<p>\u00a0<\/p>\n<p><img loading=\"lazy\" decoding=\"async\" width=\"2560\" height=\"1707\" src=\"https:\/\/www.europesays.com\/pt\/wp-content\/uploads\/2026\/01\/AdobeStock_502371352-scaled.jpeg\" class=\"attachment-full size-full wp-post-image\" alt=\"\"  \/><\/p>\n<p><strong> Padr\u00f5es de sono entre m\u00e9dicos<\/strong><\/p>\n<p>Alguns estudos tentam quantificar a dura\u00e7\u00e3o do sono em m\u00e9dicos por autorrelato e tecnologias vest\u00edveis. A dura\u00e7\u00e3o m\u00e9dia varia entre 4,2 e 6,5 horas por noite, com mediana de 6,2 horas entre residentes. Durante plant\u00f5es, o tempo de sono cai para cerca de 226 minutos (3,8\u202fh), contra 398 minutos (6,6\u202fh) em noites sem plant\u00e3o. Al\u00e9m disso, at\u00e9 90\u202f% dos residentes relatam m\u00e1 qualidade do sono, frequentemente associada a fadiga, sonol\u00eancia diurna e dificuldades de concentra\u00e7\u00e3o. Jornadas semanais superiores a 48 horas ou intervalos curtos entre turnos elevam substancialmente o risco de ins\u00f4nia e demora para iniciar o sono.<\/p>\n<p>Mas a gente nem precisa de n\u00fameros para constatar a precariedade do nosso descanso: quantas vezes o \u201cp\u00f3s\u2011plant\u00e3o\u201d se transforma em uma janela para encarar afazeres pessoais ou demandas familiares, em vez de descanso? As exig\u00eancias da vida adulta raramente permitem o \u201cluxo\u201d de dormir durante o dia, e at\u00e9 entre colegas cochilar pode ser visto como falta de preparo ou comprometimento. Dessa forma, o m\u00e9dico exausto, sobrecarregado e irritado acaba recebendo um \u201cselo\u201d de dedica\u00e7\u00e3o extrema \u2014 o que, na pr\u00e1tica, mascara os reais custos para sua sa\u00fade f\u00edsica, mental e sua performance cl\u00ednica.<\/p>\n<p>\u00a0<\/p>\n<p class=\"content-paywall\"><strong> Influ\u00eancia do estresse ocupacional<\/strong><\/p>\n<p class=\"content-paywall\">O estresse do dia a dia pode roubar a qualidade do nosso sono de v\u00e1rias maneiras \u2014 seja pela sobrecarga mental, pela imprevisibilidade das escalas ou pela sensa\u00e7\u00e3o de n\u00e3o ter com quem dividir o peso das responsabilidades. Em momentos de maior press\u00e3o, como vivenciamos na pandemia de COVID\u201119, muitos colegas que estiveram na linha de frente relataram noites ainda mais agitada e noites mal dormidas, diretamente ligadas ao n\u00edvel de tens\u00e3o que sentiam.<\/p>\n<p class=\"content-paywall\">E sabemos o quanto \u00e9 dif\u00edcil quebrar esse ciclo: quando dormimos mal, nosso estresse aumenta; e quanto mais estressados estamos, pior dormimos. Por isso, acolher essas dificuldades e implementar pequenos ajustes no ambiente de trabalho \u2014 seja criando espa\u00e7os de descompress\u00e3o, promovendo conversas de apoio ou ajustando a distribui\u00e7\u00e3o de tarefas \u2014 pode fazer toda a diferen\u00e7a para que, juntos, tenhamos noites mais tranquilas e dias menos exaustos.<\/p>\n<p class=\"content-paywall\">\u00a0<\/p>\n<p class=\"content-paywall\"><strong> Riscos a longo prazo do sono inadequado<\/strong><\/p>\n<p class=\"content-paywall\">A priva\u00e7\u00e3o cr\u00f4nica e a m\u00e1 qualidade do sono elevam o risco de doen\u00e7as cr\u00f4nicas e psiqui\u00e1tricas. A restri\u00e7\u00e3o de sono (\u2264\u202f6\u202fh\/noite) aumenta a incid\u00eancia de obesidade, diabetes tipo\u202f2, hipertens\u00e3o, doen\u00e7a arterial coronariana e AVC, enquanto tanto a curta quanto a longa dura\u00e7\u00e3o do sono (\u2265\u202f9\u202fh) se associam a maior mortalidade e risco de c\u00e2ncer. Dist\u00farbios do sono tamb\u00e9m se correlacionam com depress\u00e3o, ansiedade, dor cr\u00f4nica e decl\u00ednio cognitivo, podendo at\u00e9 acelerar o aparecimento de dem\u00eancia em meia\u2011idade.<\/p>\n<p class=\"content-paywall\">Dados do CREMESP revelam que m\u00e9dicos homens em S\u00e3o Paulo t\u00eam idade m\u00e9dia de \u00f3bito de 69 anos \u2014 cerca de 3 anos a menos que a expectativa de vida dos homens na popula\u00e7\u00e3o geral (72 anos) \u2014 e que as m\u00e9dicas morrem em m\u00e9dia aos 59 anos, quase 20 anos antes das mulheres em geral (79 anos). Esse encurtamento da longevidade reflete um conjunto de determinantes ligados \u00e0 profiss\u00e3o: jornadas extenuantes, estresse cr\u00f4nico, sedentarismo, exposi\u00e7\u00e3o a situa\u00e7\u00f5es de alto risco e, certamente, a priva\u00e7\u00e3o de sono.<\/p>\n<p class=\"content-paywall\">Embora n\u00e3o seja o \u00fanico vil\u00e3o desse cen\u00e1rio, dormir menos que o necess\u00e1rio contribui significativamente para o desgaste f\u00edsico e mental, para o aumento de doen\u00e7as cardiovasculares, transtornos emocionais e at\u00e9 para erros no cuidado ao paciente. Por isso, reconhecer a priva\u00e7\u00e3o de sono como um dos m\u00faltiplos fatores de risco \u00e9 o primeiro passo para adotarmos estrat\u00e9gias que protejam n\u00e3o apenas nosso descanso, mas a pr\u00f3pria longevidade.<\/p>\n<p class=\"content-paywall\">\u00a0<\/p>\n<p class=\"content-paywall\"><strong> Higiene do sono e recomenda\u00e7\u00f5es gerais<\/strong><\/p>\n<p class=\"content-paywall\">Manter uma boa higiene do sono significa adotar h\u00e1bitos e ajustar o ambiente de descanso de modo a favorecer a regularidade, a profundidade e a efici\u00eancia do sono. Essas pr\u00e1ticas s\u00e3o ferramentas poderosas para quem enfrenta turnos irregulares e demanda constante de aten\u00e7\u00e3o, pois ajudam a sincronizar o rel\u00f3gio biol\u00f3gico, reduzir o tempo at\u00e9 pegar no sono e aumentar a sensa\u00e7\u00e3o de renova\u00e7\u00e3o ao acordar. Abaixo, cada recomenda\u00e7\u00e3o com uma breve explica\u00e7\u00e3o:<\/p>\n<ol class=\"content-paywall\">\n<li><strong>Rotina regular: <\/strong>Defina hor\u00e1rios fixos para se deitar e levantar, inclusive nos dias de folga. A consist\u00eancia fortalece seu ritmo circadiano \u2014 o \u201crel\u00f3gio interno\u201d que regula sono, vig\u00edlia e libera\u00e7\u00e3o hormonal \u2014 facilitando adormecer e acordar naturalmente.<\/li>\n<li><strong>Ambiente adequado: <\/strong>Torne o quarto um ref\u00fagio ao escurecer: elimine luzes fortes, minimize ru\u00eddos (use tamp\u00f5es ou m\u00e1quinas de som neutro, se preciso) e ajuste a temperatura para algo em torno de 18\u201322\u202f\u00b0C. Colch\u00e3o e travesseiros confort\u00e1veis reduzem microdespertares e melhoram a qualidade global do sono.<\/li>\n<li><strong>Limitar estimulantes: <\/strong>Cafe\u00edna, nicotina e alguns alimentos (guaran\u00e1, chocolate amargo) podem permanecer ativos no organismo por at\u00e9 6\u20138\u202fhoras. Evit\u00e1-los no fim da tarde diminui a dificuldade para iniciar o sono e os despertares noturnos.<\/li>\n<li><strong>Desconex\u00e3o eletr\u00f4nica: <\/strong>A luz azul de telas inibe a produ\u00e7\u00e3o de melatonina, atrasando a sonol\u00eancia. Desligue ou silencie celulares, computadores e TVs pelo menos 30\u202fmin antes de deitar. Caso seja inevit\u00e1vel usar dispositivos, experimente filtros de luz ou aplicativos de \u201cmodo noturno\u201d.<\/li>\n<li><strong>Relaxamento pr\u00e9\u2011sono: <\/strong>Reserve um tempo para desacelerar: alongamentos suaves, t\u00e9cnicas de respira\u00e7\u00e3o profunda, medita\u00e7\u00e3o guiada ou a leitura de conte\u00fado leve ajudam a reduzir a ativa\u00e7\u00e3o mental e a tens\u00e3o muscular, criando o gatilho psicol\u00f3gico de que chegou a hora de descansar.<\/li>\n<li><strong>Atividade f\u00edsica: <\/strong>Exerc\u00edcios regulares promovem sono mais profundo e restaurador, por\u00e9m evit\u00e1\u2011los muito pr\u00f3ximos do hor\u00e1rio de dormir: a libera\u00e7\u00e3o de adrenalina e o aumento da frequ\u00eancia card\u00edaca podem dificultar o relaxamento imediato.<\/li>\n<li><strong>Cochilos estrat\u00e9gicos: <\/strong>Sonecas curtas de 10\u201320\u202fmin (power naps) podem restaurar o estado de alerta sem provocar in\u00e9rcia do sono. Programe\u2011as antes das 15\u202fh e longe da hora de dormir \u00e0 noite para n\u00e3o prejudicar a rotina principal de repouso.<\/li>\n<li><strong>Evitar refei\u00e7\u00f5es pesadas e \u00e1lcool: <\/strong>Jantares volumosos exigem maior esfor\u00e7o digestivo, elevando o risco de refluxo e desconforto que despertam \u00e0 noite. O \u00e1lcool, embora induza sonol\u00eancia inicial, fragmenta o sono REM e diminui a qualidade geral do descanso.<\/li>\n<\/ol>\n<p class=\"content-paywall\">Adotar esses h\u00e1bitos de forma gradual \u2014 implementando um ou dois de cada vez \u2014 tende a gerar ganhos vis\u00edveis na qualidade do sono em poucas semanas. Quando aliados a uma gest\u00e3o equilibrada da carga de trabalho, tornam\u2011se pe\u00e7as-chave para que o m\u00e9dico retome o controle do pr\u00f3prio descanso e atue de forma mais segura e eficaz.<\/p>\n<p class=\"content-paywall\">\u00a0<\/p>\n<p class=\"content-paywall\"><strong> Estrat\u00e9gias para reduzir a sobrecarga de trabalho<\/strong><\/p>\n<p class=\"content-paywall\">Reduzir a carga excessiva n\u00e3o significa apenas trabalhar menos horas, mas sim otimizar processos, compartilhar responsabilidades e cuidar do pr\u00f3prio bem\u2011estar. A seguir, cada estrat\u00e9gia com sugest\u00f5es pr\u00e1ticas de implementa\u00e7\u00e3o:<\/p>\n<ol class=\"content-paywall\">\n<li><strong>Planejamento de plant\u00f5es: <\/strong>Negocie escalas que respeitem o intervalo m\u00ednimo de 11\u202fhoras entre o fim de um turno e o in\u00edcio do outro. Esse per\u00edodo \u00e9 fundamental para permitir recupera\u00e7\u00e3o f\u00edsica e mental. Se poss\u00edvel, converse com coordena\u00e7\u00e3o ou colegas para ajustar a distribui\u00e7\u00e3o de plant\u00f5es de modo que voc\u00ea n\u00e3o acumule turnos consecutivos sem descanso suficiente. E seja honesto consigo mesmo, muito desses plant\u00f5es nem s\u00e3o obrigat\u00f3rios, mas as demandas por um \u201cpadr\u00e3o de vida\u201d melhor, pode estar esgotando uma vida realmente melhor.<\/li>\n<li><strong>Delega\u00e7\u00e3o de tarefas: <\/strong>Identifique atividades administrativas ou de baixa complexidade cl\u00ednica que possam ser realizadas por auxiliares, enfermeiros ou estagi\u00e1rios. Ao redistribuir essas responsabilidades, voc\u00ea ganha tempo para focar em decis\u00f5es m\u00e9dicas e, ao mesmo tempo, contribui para o desenvolvimento da equipe.<\/li>\n<li><strong>Pausas ativas: <\/strong>Programe alarmes ou combine com colegas breves intervalos de 3\u20135 minutos a cada 1\u20132 horas de trabalho intenso. Use esse momento para alongar pernas, coluna e pesco\u00e7o, beber \u00e1gua e respirar profundamente. Essas pequenas pausas reduzem o ac\u00famulo de tens\u00e3o muscular e melhoram o fluxo sangu\u00edneo, mantendo a energia ao longo do plant\u00e3o.<\/li>\n<li><strong>Limitar horas extras: <\/strong>Estabele\u00e7a um teto semanal de horas extras \u2014 por exemplo, n\u00e3o ultrapassar 10\u202fhoras adicionais por semana al\u00e9m da sua jornada regular. Se necess\u00e1rio, documente o tempo extra e apresente dados \u00e0 gest\u00e3o para negociar escalas mais equilibradas e seguras.<\/li>\n<li><strong>Uso de micro\u2011pausas mentais: <\/strong>Incorpore t\u00e9cnicas r\u00e1pidas de autorregula\u00e7\u00e3o, como respira\u00e7\u00e3o diafragm\u00e1tica (4 segundos inspirando, 6 segundos expirando) ou breves exerc\u00edcios de mindfulness. Mesmo 1\u20132 minutos de foco na respira\u00e7\u00e3o podem reduzir picos de estresse e melhorar a clareza mental antes de decis\u00f5es cr\u00edticas.<\/li>\n<li><strong>Busca de ajuda especializada: <\/strong>Caso identifique padr\u00f5es de ins\u00f4nia persistente, sintomas de burnout ou dificuldade de lidar com o estresse, procure avalia\u00e7\u00e3o com um m\u00e9dico do sono ou psic\u00f3logo. Se n\u00e3o puder, ao menos converse e compartilhe a dificuldade com um amigo ou colega, n\u00e3o se feche, n\u00e3o se esgote. Mas um acompanhamento especializado pode oferecer interven\u00e7\u00f5es \u2014 desde terapia cognitivo\u2011comportamental at\u00e9 ajustes de escala \u2014 que revertem o ciclo de exaust\u00e3o.<\/li>\n<\/ol>\n<p class=\"content-paywall\">\u00a0<\/p>\n<p class=\"content-paywall\"><strong>Conclus\u00e3o<\/strong><\/p>\n<p class=\"content-paywall\"><strong><br \/><\/strong>Enfrentar a priva\u00e7\u00e3o de sono \u00e9 um desafio intr\u00ednseco \u00e0 carreira m\u00e9dica, mas n\u00e3o um destino inevit\u00e1vel. Reconhecer que a falta de descanso afeta n\u00e3o apenas nossa sa\u00fade f\u00edsica e mental, mas tamb\u00e9m a qualidade e a seguran\u00e7a do cuidado que oferecemos, \u00e9 o primeiro passo rumo \u00e0 mudan\u00e7a.<\/p>\n<p class=\"content-paywall\">Ao adotarmos estrat\u00e9gias de higiene do sono, ajustarmos escalas de plant\u00e3o de forma consciente e cuidarmos do estresse cotidiano \u2014 seja por meio de pausas planejadas, apoio psicoeducacional ou ajuda especializada \u2014 fortalecemos nossa resili\u00eancia e ampliamos nossa longevidade profissional. Dormir bem deixa de ser um \u201cluxo\u201d e se torna ferramenta essencial: s\u00f3 assim poderemos continuar a exercer a medicina com a clareza, a empatia e a seguran\u00e7a que nossos pacientes merecem.<\/p>\n","protected":false},"excerpt":{"rendered":"A literatura m\u00e9dica mostra que m\u00e9dicos, especialmente residentes e aqueles com plant\u00f5es noturnos ou jornadas prolongadas, frequentemente n\u00e3o&hellip;\n","protected":false},"author":2,"featured_media":221462,"comment_status":"","ping_status":"","sticky":false,"template":"","format":"standard","meta":{"footnotes":""},"categories":[86],"tags":[116,32,33,117],"class_list":{"0":"post-221461","1":"post","2":"type-post","3":"status-publish","4":"format-standard","5":"has-post-thumbnail","7":"category-saude","8":"tag-health","9":"tag-portugal","10":"tag-pt","11":"tag-saude"},"share_on_mastodon":{"url":"https:\/\/pubeurope.com\/@pt\/115862514081621837","error":""},"_links":{"self":[{"href":"https:\/\/www.europesays.com\/pt\/wp-json\/wp\/v2\/posts\/221461","targetHints":{"allow":["GET"]}}],"collection":[{"href":"https:\/\/www.europesays.com\/pt\/wp-json\/wp\/v2\/posts"}],"about":[{"href":"https:\/\/www.europesays.com\/pt\/wp-json\/wp\/v2\/types\/post"}],"author":[{"embeddable":true,"href":"https:\/\/www.europesays.com\/pt\/wp-json\/wp\/v2\/users\/2"}],"replies":[{"embeddable":true,"href":"https:\/\/www.europesays.com\/pt\/wp-json\/wp\/v2\/comments?post=221461"}],"version-history":[{"count":0,"href":"https:\/\/www.europesays.com\/pt\/wp-json\/wp\/v2\/posts\/221461\/revisions"}],"wp:featuredmedia":[{"embeddable":true,"href":"https:\/\/www.europesays.com\/pt\/wp-json\/wp\/v2\/media\/221462"}],"wp:attachment":[{"href":"https:\/\/www.europesays.com\/pt\/wp-json\/wp\/v2\/media?parent=221461"}],"wp:term":[{"taxonomy":"category","embeddable":true,"href":"https:\/\/www.europesays.com\/pt\/wp-json\/wp\/v2\/categories?post=221461"},{"taxonomy":"post_tag","embeddable":true,"href":"https:\/\/www.europesays.com\/pt\/wp-json\/wp\/v2\/tags?post=221461"}],"curies":[{"name":"wp","href":"https:\/\/api.w.org\/{rel}","templated":true}]}}