{"id":221463,"date":"2026-01-09T01:21:07","date_gmt":"2026-01-09T01:21:07","guid":{"rendered":"https:\/\/www.europesays.com\/pt\/221463\/"},"modified":"2026-01-09T01:21:07","modified_gmt":"2026-01-09T01:21:07","slug":"nasa-antecipa-retorno-de-missao-a-terra-apos-problema-medico-a-bordo-com-risco-persistente","status":"publish","type":"post","link":"https:\/\/www.europesays.com\/pt\/221463\/","title":{"rendered":"Nasa antecipa retorno de miss\u00e3o \u00e0 Terra ap\u00f3s problema m\u00e9dico a bordo com \u2018risco persistente\u2019"},"content":{"rendered":"<p data-component-name=\"paragraph\" class=\"styles__ParagraphStyled-sc-6adecn-0 gsLklW  \">Os membros da equipe da <a href=\"https:\/\/www.estadao.com.br\/tudo-sobre\/nasa-agencia-aeroespacial-dos-estados-unidos\/?srsltid=AfmBOoq5v6rnjsdTN77FkYAHXPZGgBaDahPSe2h-BaUBIQP4XCNyN5Mu\" target=\"_blank\" rel=\"nofollow noopener\" title=\"https:\/\/www.estadao.com.br\/tudo-sobre\/nasa-agencia-aeroespacial-dos-estados-unidos\/?srsltid=AfmBOoq5v6rnjsdTN77FkYAHXPZGgBaDahPSe2h-BaUBIQP4XCNyN5Mu\">Ag\u00eancia Aeroespacial dos Estados Unidos (Nasa)<\/a> na Esta\u00e7\u00e3o Espacial Internacional retornar\u00e3o \u00e0 Terra mais cedo do que o planejado ap\u00f3s um problema m\u00e9dico de um astronauta, confirmou nesta quinta, 8, o <a href=\"https:\/\/www.estadao.com.br\/internacional\/jared-isaacman-confirmado-diretor-nasa-senado-desafios-orcamentarios-npr\/\" target=\"_blank\" rel=\"nofollow noopener\" title=\"https:\/\/www.estadao.com.br\/internacional\/jared-isaacman-confirmado-diretor-nasa-senado-desafios-orcamentarios-npr\/\">diretor da ag\u00eancia, Jared Isaacman.<\/a><\/p>\n<p data-component-name=\"paragraph\" class=\"styles__ParagraphStyled-sc-6adecn-0 gsLklW  \">N\u00e3o foram revelados detalhes do que ocorreu com um dos astronautas tampouco a identidade dele. A Nasa apenas informou que o membro da equipe est\u00e1 est\u00e1vel e que o retorno antecipado n\u00e3o foi uma emerg\u00eancia, <strong>mas que o \u201crisco persistente\u201d levou \u00e0 decis\u00e3o.<\/strong><\/p>\n<p><img  loading=\"lazy\" class=\"lazy-load-img\"\/><\/p>\n<p>A Esta\u00e7\u00e3o Espacial Internacional vista do \u00f4nibus espacial Atlantis em 19 de julho de 2011, ap\u00f3s deixar o complexo orbital.\u00a0Foto:  NASA via AP\/File<\/p>\n<p data-component-name=\"paragraph\" class=\"styles__ParagraphStyled-sc-6adecn-0 gsLklW  \">Mais cedo, a <a href=\"https:\/\/www.estadao.com.br\/ciencia\/nasa-cancela-caminhada-espacial-avalia-retorno-missao-terra-problema-medico-npr\/\" target=\"_blank\" rel=\"nofollow noopener\" title=\"https:\/\/www.estadao.com.br\/ciencia\/nasa-cancela-caminhada-espacial-avalia-retorno-missao-terra-problema-medico-npr\/\">ag\u00eancia j\u00e1 tinha informado o cancelamento de sua primeira caminhada espacial do ano<\/a>, prevista para esta quinta-feira. O retorno, entretanto, ainda era avaliado. Na ocasi\u00e3o, a porta-voz afirmou que \u201crealizar nossas miss\u00f5es com seguran\u00e7a \u00e9 nossa maior prioridade\u201d, disse Cheryl Warner, em comunicado.<\/p>\n<p data-component-name=\"paragraph\" class=\"styles__ParagraphStyled-sc-6adecn-0 gsLklW  \">A tripula\u00e7\u00e3o, composta por quatro astronautas &#8211; americanos, japoneses e russos -, est\u00e1 no laborat\u00f3rio orbital desde agosto, ap\u00f3s o lan\u00e7amento a partir da Fl\u00f3rida.<strong>\/Com informa\u00e7\u00f5es da AP e AFP<\/strong><\/p>\n","protected":false},"excerpt":{"rendered":"Os membros da equipe da Ag\u00eancia Aeroespacial dos Estados Unidos (Nasa) na Esta\u00e7\u00e3o Espacial Internacional retornar\u00e3o \u00e0 Terra&hellip;\n","protected":false},"author":2,"featured_media":221464,"comment_status":"","ping_status":"","sticky":false,"template":"","format":"standard","meta":{"footnotes":""},"categories":[84],"tags":[109,107,108,8117,32,33,105,103,104,106,110],"class_list":{"0":"post-221463","1":"post","2":"type-post","3":"status-publish","4":"format-standard","5":"has-post-thumbnail","7":"category-ciencia-e-tecnologia","8":"tag-ciencia","9":"tag-ciencia-e-tecnologia","10":"tag-cienciaetecnologia","11":"tag-iss","12":"tag-portugal","13":"tag-pt","14":"tag-science","15":"tag-science-and-technology","16":"tag-scienceandtechnology","17":"tag-technology","18":"tag-tecnologia"},"share_on_mastodon":{"url":"https:\/\/pubeurope.com\/@pt\/115862521972152561","error":""},"_links":{"self":[{"href":"https:\/\/www.europesays.com\/pt\/wp-json\/wp\/v2\/posts\/221463","targetHints":{"allow":["GET"]}}],"collection":[{"href":"https:\/\/www.europesays.com\/pt\/wp-json\/wp\/v2\/posts"}],"about":[{"href":"https:\/\/www.europesays.com\/pt\/wp-json\/wp\/v2\/types\/post"}],"author":[{"embeddable":true,"href":"https:\/\/www.europesays.com\/pt\/wp-json\/wp\/v2\/users\/2"}],"replies":[{"embeddable":true,"href":"https:\/\/www.europesays.com\/pt\/wp-json\/wp\/v2\/comments?post=221463"}],"version-history":[{"count":0,"href":"https:\/\/www.europesays.com\/pt\/wp-json\/wp\/v2\/posts\/221463\/revisions"}],"wp:featuredmedia":[{"embeddable":true,"href":"https:\/\/www.europesays.com\/pt\/wp-json\/wp\/v2\/media\/221464"}],"wp:attachment":[{"href":"https:\/\/www.europesays.com\/pt\/wp-json\/wp\/v2\/media?parent=221463"}],"wp:term":[{"taxonomy":"category","embeddable":true,"href":"https:\/\/www.europesays.com\/pt\/wp-json\/wp\/v2\/categories?post=221463"},{"taxonomy":"post_tag","embeddable":true,"href":"https:\/\/www.europesays.com\/pt\/wp-json\/wp\/v2\/tags?post=221463"}],"curies":[{"name":"wp","href":"https:\/\/api.w.org\/{rel}","templated":true}]}}