{"id":221477,"date":"2026-01-09T01:32:09","date_gmt":"2026-01-09T01:32:09","guid":{"rendered":"https:\/\/www.europesays.com\/pt\/221477\/"},"modified":"2026-01-09T01:32:09","modified_gmt":"2026-01-09T01:32:09","slug":"atletico-madrid-x-real-madrid-maisfutebol","status":"publish","type":"post","link":"https:\/\/www.europesays.com\/pt\/221477\/","title":{"rendered":"Atl\u00e9tico Madrid X Real Madrid &#8211; Maisfutebol"},"content":{"rendered":"<ol>\n<li><a href=\"https:\/\/news.google.com\/rss\/articles\/CBMidEFVX3lxTE9kbFVuamtMZ2VESk81bktSc1BnZlYwQ1lNY0lvY1pzR2lOUmh1MlVrU2p4dC1MYUNBM0RvYzRiY1JtTjBpc0ZNQTY4NEN5SHpkTDU5QVpLUHpQNF9hNk44QlNiaHYwQmZXQnVHUkxWQ0FPNEVi?oc=5\" target=\"_blank\" rel=\"nofollow noopener\">Atl\u00e9tico Madrid X Real Madrid<\/a>&nbsp;&nbsp;Maisfutebol<\/li>\n<li><a href=\"https:\/\/news.google.com\/rss\/articles\/CBMiwgFBVV95cUxNSldKWW83SnZRRkN6RDl0aW4xQXZlQVY5RWk3cHpFNFVfVjZMdkk5bmp2S3dOMjhleXFjS09qRFpTeVFybmJZY3A4bmlzSEpaU1R5dnlFNGJEc0RlMTg2bjhMZ3FoN3RGeGZUcDZBcnBhdTU4bUg0T0NQWTZrV25KV2RpTEJQOWZQYy1NQWo5dnVRaVB1NFcwQWNBQ09yaXpQRkZqbGFuV1p0UTloLXI5dUZmLVVKQUlmNTFPYW5IMmdwZw?oc=5\" target=\"_blank\" rel=\"nofollow noopener\">Juca Kfouri: Resumo r\u00e1pido do que foi Real x Atl\u00e9tico de Madrid<\/a>&nbsp;&nbsp;UOL<\/li>\n<li><a href=\"https:\/\/news.google.com\/rss\/articles\/CBMitAFBVV95cUxPU3dTU0JBSzlIUVlxdldMMXk1a3JYTWdsWkNsVGZ1dVhNTXRaeXVyWEJLSXNieWJTRlhyRkFjY1lXMGRCSjEtdU1VUjNaYTFORjFINUJFUzFwTjhnMXNaRFZkdGw1OERLTkJBRUNuSnl2QTZQV0JjSDdLY2FibjM1bm5uZXV2V3VnMTRiMW9XMnBMLUI0UnY1RHVDN2YtM3YtcmsybG8wVkNJNk4tT3NCT2NfMU8?oc=5\" target=\"_blank\" rel=\"nofollow noopener\">Com gol de Rodrygo, Real bate o Atl\u00e9tico e far\u00e1 final da Supercopa com o Barcelona<\/a>&nbsp;&nbsp;ESPN Brasil<\/li>\n<li><a href=\"https:\/\/news.google.com\/rss\/articles\/CBMixgFBVV95cUxQcDhYX01KZTcxdzhsY1Q4Y3htUXpNZGtvQ0pvMHptcElienl2a1haSWc0aEl6am9FZTB2MFJRS1diQXp6dHFPZ2FjNWdQQlFscTVnMU1NOUFKWmpEOXRIS0xsRzZRSkZROVpfdGJ2QnZQV3RmTzhObnFLLUJmaHhyVzRBLXpsb2hTZjN6QUhaamNjUU5nVVdHSjhva3NUSDVmV0pVR2J3M29EWklBQUVyektzYUMzdXVqc3kwZm5jUTZxVm9JWFHSAdQBQVVfeXFMTmpiLWxYNEllZ0VPT1VwQzVNcGhfenFXOVhzNXNYOC1CMTFoUUN6VDNSd3p2M3FWZXBNcEQ1dmRLMVMycE1hR0hRSEpCVXpjcWJDMVJYVlFkX2NKNUpELU85SEdOUEJRRmZQNzdTR29lRWZiRHJWbmdvckVndmtIX0FINWxPdmJHUG0zNE15QlJ0VHduVTlzaDNMODhyUzgycF9nM09QYUVRWVlVU1dWd2xxYnNKS0JaZHliOW0zdDJ0eG50enJGTTFpb1lWVVVybXpubV8?oc=5\" target=\"_blank\" rel=\"nofollow noopener\">Atl\u00e9tico de Madrid 1 x 2 Real Madrid | Melhores momentos | Semifinal |Supercopa da Espanha<\/a>&nbsp;&nbsp;ge<\/li>\n<li><a href=\"https:\/\/news.google.com\/rss\/articles\/CBMiqwFBVV95cUxNemFrX3p3SG1QZTI5NXQ0QmVwMUZsbjVvb3dSUDY5bjNWX2Vtek9YTEp4WHNLcmtnOHJuX09ISXZURHVDWXFHRVl2ZXZHakdwNmJSWTFMMGY0eW54WFVoSFNWMVEzVHFtWWR4ZU00R1ExcWJuT3N4VU1OUGRualdUczAtWWhkWUx3bTVNTlNldkZNZlpVM3BaMG5WWS1lR20xeFBiUDlWUzM1SXc?oc=5\" target=\"_blank\" rel=\"nofollow noopener\">Atl\u00e9tico de Madrid x Real Madrid: hor\u00e1rio e onde assistir \u00e0 Supercopa<\/a>&nbsp;&nbsp;CNN Brasil<\/li>\n<\/ol>\n","protected":false},"excerpt":{"rendered":"Atl\u00e9tico Madrid X Real Madrid&nbsp;&nbsp;Maisfutebol Juca Kfouri: Resumo r\u00e1pido do que foi Real x Atl\u00e9tico de Madrid&nbsp;&nbsp;UOL Com&hellip;\n","protected":false},"author":2,"featured_media":23772,"comment_status":"","ping_status":"","sticky":false,"template":"","format":"standard","meta":{"footnotes":""},"categories":[87],"tags":[3171,135,32,33,47,2007,134],"class_list":{"0":"post-221477","1":"post","2":"type-post","3":"status-publish","4":"format-standard","5":"has-post-thumbnail","7":"category-desporto","8":"tag-atletico-madrid","9":"tag-desporto","10":"tag-portugal","11":"tag-pt","12":"tag-pura-paixao","13":"tag-real-madrid","14":"tag-sports"},"share_on_mastodon":{"url":"https:\/\/pubeurope.com\/@pt\/115862565223414267","error":""},"_links":{"self":[{"href":"https:\/\/www.europesays.com\/pt\/wp-json\/wp\/v2\/posts\/221477","targetHints":{"allow":["GET"]}}],"collection":[{"href":"https:\/\/www.europesays.com\/pt\/wp-json\/wp\/v2\/posts"}],"about":[{"href":"https:\/\/www.europesays.com\/pt\/wp-json\/wp\/v2\/types\/post"}],"author":[{"embeddable":true,"href":"https:\/\/www.europesays.com\/pt\/wp-json\/wp\/v2\/users\/2"}],"replies":[{"embeddable":true,"href":"https:\/\/www.europesays.com\/pt\/wp-json\/wp\/v2\/comments?post=221477"}],"version-history":[{"count":0,"href":"https:\/\/www.europesays.com\/pt\/wp-json\/wp\/v2\/posts\/221477\/revisions"}],"wp:featuredmedia":[{"embeddable":true,"href":"https:\/\/www.europesays.com\/pt\/wp-json\/wp\/v2\/media\/23772"}],"wp:attachment":[{"href":"https:\/\/www.europesays.com\/pt\/wp-json\/wp\/v2\/media?parent=221477"}],"wp:term":[{"taxonomy":"category","embeddable":true,"href":"https:\/\/www.europesays.com\/pt\/wp-json\/wp\/v2\/categories?post=221477"},{"taxonomy":"post_tag","embeddable":true,"href":"https:\/\/www.europesays.com\/pt\/wp-json\/wp\/v2\/tags?post=221477"}],"curies":[{"name":"wp","href":"https:\/\/api.w.org\/{rel}","templated":true}]}}