{"id":221478,"date":"2026-01-09T01:33:15","date_gmt":"2026-01-09T01:33:15","guid":{"rendered":"https:\/\/www.europesays.com\/pt\/221478\/"},"modified":"2026-01-09T01:33:15","modified_gmt":"2026-01-09T01:33:15","slug":"mpox-estudo-mostra-evolucao-inusitada-na-doenca-e-recomenda-atencao-metropoles","status":"publish","type":"post","link":"https:\/\/www.europesays.com\/pt\/221478\/","title":{"rendered":"Mpox: estudo mostra evolu\u00e7\u00e3o inusitada na doen\u00e7a e recomenda aten\u00e7\u00e3o &#8211; Metr\u00f3poles"},"content":{"rendered":"<ol>\n<li><a href=\"https:\/\/news.google.com\/rss\/articles\/CBMibEFVX3lxTE9ST1pFOFYzdnAwTmtrRnpuNmk5YVNKa3Y0UVpwaHVHaWk0Rjk1UFhkeXZFMjBmZUlIazU5NEZLcHFHbVA1MmJRTkFyeDQwZFRlUWp1bUlZWG5CR0ROdmRlRjBRM3hnWXd6Um45Rg?oc=5\" target=\"_blank\" rel=\"nofollow noopener\">Mpox: estudo mostra evolu\u00e7\u00e3o inusitada na doen\u00e7a e recomenda aten\u00e7\u00e3o<\/a>&nbsp;&nbsp;Metr\u00f3poles<\/li>\n<li><a href=\"https:\/\/news.google.com\/rss\/articles\/CBMiuwFBVV95cUxPc1p4dWd4WVV1NTUwODRjRmdOazhET0FBSEhtd2IxMkVxY0FIc2FjUmRzeFFGUGh2U1ZQQ0xqMEw3aEl4UDhkZExMSkEtUnBGYUlyWXZMTnRYNlpwVlhWNm1qa3YtcVFIUjRxWXhpMzVuX2JIemsyRG5PRzRkckI5U0ltQnJ6S19nRkdJVGFMYV9QOE92THllMEhTNHRwdzVEZWdJbmF0X2xCZTVHNVdBRkhBdTFjdnNhWW1N?oc=5\" target=\"_blank\" rel=\"nofollow noopener\">V\u00edrus da Mpox tem evolu\u00e7\u00e3o inusitada e autoridades emitem alerta<\/a>&nbsp;&nbsp;Correio Braziliense<\/li>\n<li><a href=\"https:\/\/news.google.com\/rss\/articles\/CBMi1wFBVV95cUxQZ1VLckVzdHFpemNad3E2Szc1c3ZTRUtLallwN0REaTVUTTd0ZEhjMlFZeGV0cDBsaVJXMGkxQUpSc0ZRd19pbFpYQTF5Uzg4ODVoUDFpaGVIelc4UmJ3U1N3S0xycjdnU1d5UjU2SXZWUzdlaVJIeGNmMzBBRHJUeVYzc2hlOVFIdXJLdGRqZlJZdUw2NUxRUVJYNW5HU3JQc2ZxQktBS3FORjZMVU4tT1hyeWpnaklrTnF5dGw3RDZwUGZLZ2wxZWhZTDI3akdETzNhLS1JNA?oc=5\" target=\"_blank\" rel=\"nofollow noopener\">Minist\u00e9rio da Sa\u00fade de Israel alerta para primeiro caso da nova variante da var\u00edola dos macacos<\/a>&nbsp;&nbsp;Jornal Op\u00e7\u00e3o<\/li>\n<li><a href=\"https:\/\/news.google.com\/rss\/articles\/CBMingFBVV95cUxPS3Vhbm40eEJrM0N0V1pQVnpjVU5ObzZaTEUxUnlWMmhDdUNHVm5fcGlMY05WQ0ZmTk12N2taODNWZFlwc3VMR0FRMEtwX2RGTXZiQVBfRGhNel9ZazZtajI5NVBkMWR5OFZmbFZ2a1FpdXFQb01iRU4tUlEyekJWcXlhU0FDSGdCcC0yQnZCMlY4UGpmWHRPNU01Ni1uQQ?oc=5\" target=\"_blank\" rel=\"nofollow noopener\">Var\u00edola dos macacos: situa\u00e7\u00e3o no Brasil \u00e9 &#8220;preocupante&#8221;, reafirma OMS<\/a>&nbsp;&nbsp;SCC10<\/li>\n<\/ol>\n","protected":false},"excerpt":{"rendered":"Mpox: estudo mostra evolu\u00e7\u00e3o inusitada na doen\u00e7a e recomenda aten\u00e7\u00e3o&nbsp;&nbsp;Metr\u00f3poles V\u00edrus da Mpox tem evolu\u00e7\u00e3o inusitada e autoridades&hellip;\n","protected":false},"author":2,"featured_media":196976,"comment_status":"","ping_status":"","sticky":false,"template":"","format":"standard","meta":{"footnotes":""},"categories":[86],"tags":[116,32,33,117],"class_list":{"0":"post-221478","1":"post","2":"type-post","3":"status-publish","4":"format-standard","5":"has-post-thumbnail","7":"category-saude","8":"tag-health","9":"tag-portugal","10":"tag-pt","11":"tag-saude"},"share_on_mastodon":{"url":"https:\/\/pubeurope.com\/@pt\/115862569155355416","error":""},"_links":{"self":[{"href":"https:\/\/www.europesays.com\/pt\/wp-json\/wp\/v2\/posts\/221478","targetHints":{"allow":["GET"]}}],"collection":[{"href":"https:\/\/www.europesays.com\/pt\/wp-json\/wp\/v2\/posts"}],"about":[{"href":"https:\/\/www.europesays.com\/pt\/wp-json\/wp\/v2\/types\/post"}],"author":[{"embeddable":true,"href":"https:\/\/www.europesays.com\/pt\/wp-json\/wp\/v2\/users\/2"}],"replies":[{"embeddable":true,"href":"https:\/\/www.europesays.com\/pt\/wp-json\/wp\/v2\/comments?post=221478"}],"version-history":[{"count":0,"href":"https:\/\/www.europesays.com\/pt\/wp-json\/wp\/v2\/posts\/221478\/revisions"}],"wp:featuredmedia":[{"embeddable":true,"href":"https:\/\/www.europesays.com\/pt\/wp-json\/wp\/v2\/media\/196976"}],"wp:attachment":[{"href":"https:\/\/www.europesays.com\/pt\/wp-json\/wp\/v2\/media?parent=221478"}],"wp:term":[{"taxonomy":"category","embeddable":true,"href":"https:\/\/www.europesays.com\/pt\/wp-json\/wp\/v2\/categories?post=221478"},{"taxonomy":"post_tag","embeddable":true,"href":"https:\/\/www.europesays.com\/pt\/wp-json\/wp\/v2\/tags?post=221478"}],"curies":[{"name":"wp","href":"https:\/\/api.w.org\/{rel}","templated":true}]}}