{"id":221479,"date":"2026-01-09T01:37:17","date_gmt":"2026-01-09T01:37:17","guid":{"rendered":"https:\/\/www.europesays.com\/pt\/221479\/"},"modified":"2026-01-09T01:37:17","modified_gmt":"2026-01-09T01:37:17","slug":"na-ces-novo-ceo-da-intel-conta-com-a-ia-para-virar-o-jogo-2","status":"publish","type":"post","link":"https:\/\/www.europesays.com\/pt\/221479\/","title":{"rendered":"Na CES, Novo CEO da Intel Conta com a IA para Virar o Jogo"},"content":{"rendered":"<p>\t\t\t\t\t\t\t&#13;<br \/>\n\t\t<img width=\"678\" height=\"452\" src=\"https:\/\/www.europesays.com\/pt\/wp-content\/uploads\/2026\/01\/Lip-Bu-Tan-768x512.jpg\" class=\"attachment-medium_large size-medium_large wp-post-image\" alt=\"\" decoding=\"async\" fetchpriority=\"high\"\/>\t\t&#13;<br \/>\n\t\t\tLip-Bu Tan, CEO da Intel, durante a CES 2026&#13;<\/p>\n<p>Acessibilidade<\/p>\n<p>&#13;<br \/>\n\t\t\tL&#13;<br \/>\n\t\t\tL&#13;<br \/>\n\t\t\tA-&#13;<br \/>\n\t\t\tA+&#13;<br \/>\n\t\t\t&#13;<br \/>\n\t\t\t\u25d0&#13;<br \/>\n\t\t\t&#13;\n\t\t<\/p>\n<p>Em mar\u00e7o de 2025, quando o malaio <strong>Lip-Bu Tan<\/strong> assumiu a presid\u00eancia da <strong>Intel<\/strong>, ap\u00f3s um per\u00edodo sob lideran\u00e7a interina, j\u00e1 que Pat Gelsinger deixou a companhia em dezembro de 2024, o desafio era claro: \u201creconstruir estrat\u00e9gia, posicionamento e atua\u00e7\u00e3o\u201d.<\/p>\n<p>\u201cA Intel tem uma plataforma de computa\u00e7\u00e3o poderosa e diferenciada, uma vasta base instalada de clientes e uma robusta base de fabrica\u00e7\u00e3o que est\u00e1 se fortalecendo a cada dia \u00e0 medida que reconstru\u00edmos nosso roteiro de tecnologia de processo\u201d, disse Tan \u00e0 \u00e9poca.<\/p>\n<p>Na pr\u00e1tica, esse reposicionamento significou, nos \u00faltimos meses, redu\u00e7\u00e3o da for\u00e7a de trabalho em at\u00e9 25%, simplifica\u00e7\u00e3o de hierarquia e, principalmente, uma parceria hist\u00f3rica com a <strong>NVIDIA<\/strong>, que investiu US$5 bilh\u00f5es na Intel em setembro do ano passado. Al\u00e9m de um investimento de US$ 8,9 bilh\u00f5es por parte do Governo Americano. O mercado respondeu positivamente elevando as a\u00e7\u00f5es da companhia em at\u00e9 80% no acumulado do ano.<\/p>\n<p><a href=\"https:\/\/forbes.com.br\/wp-content\/uploads\/2026\/01\/EMS_5780-scaled-1.jpg\" rel=\"nofollow noopener\" target=\"_blank\"><img decoding=\"async\" class=\"alignnone wp-image-734612 size-full\" loading=\"lazy\" src=\"https:\/\/www.europesays.com\/pt\/wp-content\/uploads\/2026\/01\/EMS_5780-scaled-1-768x512.jpg\" alt=\"Divulga\u00e7\u00e3o Intel\" width=\"678\" height=\"452\"\/><\/a><\/p>\n<p class=\"wp-caption-text\">Jim Johnson, vice-presidente s\u00eanior e gerente geral da Intel, apresentou o Panther Lake<\/p>\n<p>Ainda de acordo com o executivo, a empresa \u201cinaugura uma era de Intelig\u00eancia Onipresente. Ao integrar hardware de \u00faltima gera\u00e7\u00e3o com software otimizado, estamos removendo as barreiras da computa\u00e7\u00e3o moderna, permitindo que a IA seja eficiente e acess\u00edvel em qualquer escala, do data center ao dispositivo final.\u201d.<\/p>\n<p>O in\u00edcio de uma nova era, com IA<\/p>\n<p>E nesta semana, durante a CES 2026, maior feira de tecnologia do mundo, que ocorre em Las Vegas, Tan deu a not\u00edcia que o mercado esperava: o principal lan\u00e7amento da empresa em anos. A Intel lan\u00e7ou os processadores Intel Core Ultra S\u00e9rie 3, a primeira plataforma de computa\u00e7\u00e3o constru\u00edda no Intel 18A, o processo de semicondutores mais avan\u00e7ado j\u00e1 desenvolvido e fabricado nos Estados Unidos. O Panther Lake, como \u00e9 conhecido, foi desenvolvido para a era da intelig\u00eancia artificial.<\/p>\n<p>Em outras palavras, na tecnologia, quanto menor o \u201ctamanho\u201d dos componentes internos de um chip, mais deles cabem no mesmo espa\u00e7o e menos energia eles gastam. O 18A \u00e9 o nome da t\u00e9cnica de fabrica\u00e7\u00e3o mais moderna da Intel. \u00c9 como se a Intel tivesse aprendido a imprimir circuitos de forma t\u00e3o min\u00fascula e eficiente que agora consegue bater de frente com rivais como a TSMC (que fabrica os chips da Apple).<\/p>\n<p>\u201cA Intel reafirma sua capacidade de execu\u00e7\u00e3o ao entregar marcos cr\u00edticos de engenharia antes do prazo. O 18A n\u00e3o \u00e9 apenas uma conquista t\u00e9cnica, \u00e9 o s\u00edmbolo de uma empresa que voltou a ditar o ritmo da inova\u00e7\u00e3o e a cumprir promessas estrat\u00e9gicas aos seus acionistas.\u201d, disse Tan, durante a apresenta\u00e7\u00e3o na CES.<\/p>\n<p><a href=\"https:\/\/forbes.com.br\/wp-content\/uploads\/2026\/01\/itt-employee-holds-chip.jpg\" rel=\"nofollow noopener\" target=\"_blank\"><img decoding=\"async\" class=\"alignnone wp-image-734613 size-full\" loading=\"lazy\" src=\"https:\/\/www.europesays.com\/pt\/wp-content\/uploads\/2026\/01\/itt-employee-holds-chip-768x512.jpg\" alt=\"Divulga\u00e7\u00e3o Intel\" width=\"678\" height=\"452\"\/><\/a><\/p>\n<p class=\"wp-caption-text\">S\u00e9rie 3 do Intel Core Ultra, feito para a IA<\/p>\n<p>Outro aspecto importante do lan\u00e7amento foi que, at\u00e9 pouco tempo, para usar uma IA potente, seu computador precisava enviar dados para a nuvem. O Panther Lake vem com uma NPU (Unidade de Processamento Neural) muito mais forte. Isso permite que o PC consiga \u201cpensar\u201d e executar tarefas de IA (como criar imagens, transcrever \u00e1udios ou resumir textos) sozinho, sem depender da internet, de forma muito mais r\u00e1pida e sem esquentar tanto.<br \/>\u201cA nova S\u00e9rie 3 do Intel Core Ultra define o novo padr\u00e3o de ouro para a produtividade empresarial. Estamos indo al\u00e9m do incremental para oferecer saltos de performance que transformam o que \u00e9 poss\u00edvel na computa\u00e7\u00e3o cliente, consolidando uma nova fronteira tecnol\u00f3gica para o mercado global.\u201d, destacou Tan.<\/p>\n<p>Perspectivas para Brasil e Am\u00e9rica Latina<\/p>\n<p data-path-to-node=\"0\">Na CES 2026, a Positivo Tecnologia e a Intel anunciaram o lan\u00e7amento dos primeiros AI PCs brasileiros equipados com os processadores Intel Core Ultra S\u00e9rie 3. Os novos notebooks da Positivo marcam a estreia nacional da tecnologia Intel 18A. Com essa inova\u00e7\u00e3o, os dispositivos atendem aos rigorosos requisitos da Microsoft para a categoria Copilot+ PC, garantindo que as tarefas de intelig\u00eancia artificial ocorram de forma fluida e veloz diretamente no hardware do usu\u00e1rio.<\/p>\n<p data-path-to-node=\"1\">\u201cEsta parceria com a Intel representa o cap\u00edtulo mais ambicioso da hist\u00f3ria da Positivo Tecnologia, pois nos coloca na vanguarda global da computa\u00e7\u00e3o de alto desempenho\u201d, afirma <strong>Helio Rotenberg, CEO da Positivo, <\/strong>para a<strong> Forbes Brasil<\/strong>. \u201cAo sermos pioneiros na implementa\u00e7\u00e3o da tecnologia 18A no Brasil, n\u00e3o estamos apenas entregando hardware, mas democratizando o acesso \u00e0 IA mais avan\u00e7ada do mundo para o mercado nacional. Segundo proje\u00e7\u00f5es recentes da IDC, o segmento de AI PCs deve liderar o crescimento do setor este ano, e nossa colabora\u00e7\u00e3o estrat\u00e9gica garante que o consumidor brasileiro tenha em m\u00e3os um produto com padr\u00e3o de ouro em efici\u00eancia e produtividade, capaz de competir em p\u00e9 de igualdade com qualquer player global.\u201d<\/p>\n<p data-path-to-node=\"1\"><strong>Gisselle Ruiz Lanza, Diretora Geral da Intel na Am\u00e9rica Latina<\/strong>, explica que a chegada da S\u00e9rie 3 do Intel Core Ultra ao mercado brasileiro, por meio da nossa s\u00f3lida parceria com a Positivo, materializa nossa vis\u00e3o de levar a intelig\u00eancia artificial para onde as pessoas realmente trabalham e criam\u201d, destaca\u00a0 \u201cAo integrar o revolucion\u00e1rio n\u00f3 18A, estamos entregando n\u00e3o apenas um chip, mas a espinha dorsal de uma nova era tecnol\u00f3gica. Este marco reflete nosso compromisso t\u00e9cnico e estrat\u00e9gico de capacitar a ind\u00fastria local com o que h\u00e1 de mais sofisticado em semicondutores, garantindo que o Brasil n\u00e3o seja apenas um espectador, mas um protagonista na ado\u00e7\u00e3o global de PCs com IA de alta performance e efici\u00eancia energ\u00e9tica sem precedentes.\u201d<\/p>\n<p>Escolhas do editor<\/p>\n<p>Siga o canal da <a href=\"https:\/\/whatsapp.com\/channel\/0029VaAZk57JuyA9F4UwQc2I\" target=\"_blank\" rel=\"noopener noreferrer nofollow\" title=\"Grupo da Forbes Money no WhatsApp\">Forbes Money<\/a> no WhatsApp e receba as principais not\u00edcias de economia e mercado financeiro.<\/p>\n","protected":false},"excerpt":{"rendered":"&#13; &#13; Lip-Bu Tan, CEO da Intel, durante a CES 2026&#13; Acessibilidade &#13; L&#13; L&#13; A-&#13; A+&#13; &#13;&hellip;\n","protected":false},"author":2,"featured_media":220590,"comment_status":"","ping_status":"","sticky":false,"template":"","format":"standard","meta":{"footnotes":""},"categories":[84],"tags":[109,107,108,32,33,105,103,104,106,110],"class_list":{"0":"post-221479","1":"post","2":"type-post","3":"status-publish","4":"format-standard","5":"has-post-thumbnail","7":"category-ciencia-e-tecnologia","8":"tag-ciencia","9":"tag-ciencia-e-tecnologia","10":"tag-cienciaetecnologia","11":"tag-portugal","12":"tag-pt","13":"tag-science","14":"tag-science-and-technology","15":"tag-scienceandtechnology","16":"tag-technology","17":"tag-tecnologia"},"share_on_mastodon":{"url":"https:\/\/pubeurope.com\/@pt\/115862584874437141","error":""},"_links":{"self":[{"href":"https:\/\/www.europesays.com\/pt\/wp-json\/wp\/v2\/posts\/221479","targetHints":{"allow":["GET"]}}],"collection":[{"href":"https:\/\/www.europesays.com\/pt\/wp-json\/wp\/v2\/posts"}],"about":[{"href":"https:\/\/www.europesays.com\/pt\/wp-json\/wp\/v2\/types\/post"}],"author":[{"embeddable":true,"href":"https:\/\/www.europesays.com\/pt\/wp-json\/wp\/v2\/users\/2"}],"replies":[{"embeddable":true,"href":"https:\/\/www.europesays.com\/pt\/wp-json\/wp\/v2\/comments?post=221479"}],"version-history":[{"count":0,"href":"https:\/\/www.europesays.com\/pt\/wp-json\/wp\/v2\/posts\/221479\/revisions"}],"wp:featuredmedia":[{"embeddable":true,"href":"https:\/\/www.europesays.com\/pt\/wp-json\/wp\/v2\/media\/220590"}],"wp:attachment":[{"href":"https:\/\/www.europesays.com\/pt\/wp-json\/wp\/v2\/media?parent=221479"}],"wp:term":[{"taxonomy":"category","embeddable":true,"href":"https:\/\/www.europesays.com\/pt\/wp-json\/wp\/v2\/categories?post=221479"},{"taxonomy":"post_tag","embeddable":true,"href":"https:\/\/www.europesays.com\/pt\/wp-json\/wp\/v2\/tags?post=221479"}],"curies":[{"name":"wp","href":"https:\/\/api.w.org\/{rel}","templated":true}]}}