{"id":221486,"date":"2026-01-09T01:46:10","date_gmt":"2026-01-09T01:46:10","guid":{"rendered":"https:\/\/www.europesays.com\/pt\/221486\/"},"modified":"2026-01-09T01:46:10","modified_gmt":"2026-01-09T01:46:10","slug":"vem-ai-em-terra-forte-flor-tem-uma-nova-visao-e-lembra-se-da-queda-do-cruzeiro-novelas","status":"publish","type":"post","link":"https:\/\/www.europesays.com\/pt\/221486\/","title":{"rendered":"Vem a\u00ed em \u00abTerra Forte\u00bb: Flor tem uma nova vis\u00e3o e lembra-se da queda do cruzeiro &#8211; Novelas"},"content":{"rendered":"<p>Em \u00abTerra Forte\u00bb, <a href=\"https:\/\/tvi.iol.pt\/novelas\/videos\/terra-forte-no-dia-do-seu-aniversario-flor-recebe-uma-visita-inesperada\/68f65c7a0cf29d28d82976c8\" rel=\"nofollow noopener\" target=\"_blank\">Flor (Benedita Pereira)<\/a>\u00a0recorda-se da sua queda do cruzeiro, ficando tensa com a ideia de poder ter sido empurrada.<\/p>\n<p>Flor diz a <a href=\"https:\/\/tvi.iol.pt\/novelas\/videos\/terra-forte-sammy-fica-sem-chao-ao-descobrir-que-flor-e-a-mae-de-rosinha\/68f7b83e0cf29d28d8297a75\" rel=\"nofollow noopener\" target=\"_blank\">Sammy (Jos\u00e9 Fidalgo)<\/a>\u00a0n\u00e3o aceitar que causem tanta infelicidade em tanta gente para ficarem juntos por ambos terem constitu\u00eddo fam\u00edlia. Sammy diz que t\u00eam de pensar em si pr\u00f3prios por n\u00e3o conseguir continuar a viver sem a ter ao seu lado, tendo sido isso que lhe disse quando ela estava em coma no hospital. Flor olha-o muito emocionada.\u00a0<\/p>\n<p>Recorde o momento em que Flor foi atirada do cruzeiro:<\/p>\n","protected":false},"excerpt":{"rendered":"Em \u00abTerra Forte\u00bb, Flor (Benedita Pereira)\u00a0recorda-se da sua queda do cruzeiro, ficando tensa com a ideia de poder&hellip;\n","protected":false},"author":2,"featured_media":221487,"comment_status":"","ping_status":"","sticky":false,"template":"","format":"standard","meta":{"footnotes":""},"categories":[142],"tags":[160,7951,166,114,115,157,167,978,164,161,158,165,159,32,33,156,18614,163,151,162],"class_list":{"0":"post-221486","1":"post","2":"type-post","3":"status-publish","4":"format-standard","5":"has-post-thumbnail","7":"category-tv","8":"tag-ana-guiomar","9":"tag-benedita-pereira","10":"tag-cristina-ferreira","11":"tag-entertainment","12":"tag-entretenimento","13":"tag-festa-e-festa","14":"tag-ficcao","15":"tag-flor","16":"tag-jose-fidalgo","17":"tag-novelas","18":"tag-para-sempre","19":"tag-pedro-sousa","20":"tag-pedro-teixeira","21":"tag-portugal","22":"tag-pt","23":"tag-queridos-papas","24":"tag-terra-forte","25":"tag-tiago-teotonio-pereira","26":"tag-tv","27":"tag-tvi"},"share_on_mastodon":{"url":"https:\/\/pubeurope.com\/@pt\/115862620406954802","error":""},"_links":{"self":[{"href":"https:\/\/www.europesays.com\/pt\/wp-json\/wp\/v2\/posts\/221486","targetHints":{"allow":["GET"]}}],"collection":[{"href":"https:\/\/www.europesays.com\/pt\/wp-json\/wp\/v2\/posts"}],"about":[{"href":"https:\/\/www.europesays.com\/pt\/wp-json\/wp\/v2\/types\/post"}],"author":[{"embeddable":true,"href":"https:\/\/www.europesays.com\/pt\/wp-json\/wp\/v2\/users\/2"}],"replies":[{"embeddable":true,"href":"https:\/\/www.europesays.com\/pt\/wp-json\/wp\/v2\/comments?post=221486"}],"version-history":[{"count":0,"href":"https:\/\/www.europesays.com\/pt\/wp-json\/wp\/v2\/posts\/221486\/revisions"}],"wp:featuredmedia":[{"embeddable":true,"href":"https:\/\/www.europesays.com\/pt\/wp-json\/wp\/v2\/media\/221487"}],"wp:attachment":[{"href":"https:\/\/www.europesays.com\/pt\/wp-json\/wp\/v2\/media?parent=221486"}],"wp:term":[{"taxonomy":"category","embeddable":true,"href":"https:\/\/www.europesays.com\/pt\/wp-json\/wp\/v2\/categories?post=221486"},{"taxonomy":"post_tag","embeddable":true,"href":"https:\/\/www.europesays.com\/pt\/wp-json\/wp\/v2\/tags?post=221486"}],"curies":[{"name":"wp","href":"https:\/\/api.w.org\/{rel}","templated":true}]}}