{"id":221494,"date":"2026-01-09T01:50:28","date_gmt":"2026-01-09T01:50:28","guid":{"rendered":"https:\/\/www.europesays.com\/pt\/221494\/"},"modified":"2026-01-09T01:50:28","modified_gmt":"2026-01-09T01:50:28","slug":"obras-da-nova-ubs-no-complexo-vs10-avancam-em-parauapebas-prefeitura-de-parauapebas","status":"publish","type":"post","link":"https:\/\/www.europesays.com\/pt\/221494\/","title":{"rendered":"Obras da nova UBS no Complexo VS10 avan\u00e7am em Parauapebas \u2013 Prefeitura de Parauapebas"},"content":{"rendered":"<p class=\"has-text-align-center\">Viabilizada pelo Novo PAC, a Unidade Porte V ter\u00e1 capacidade para atender 20 mil pessoas, fortalecendo a porta de entrada do SUS no munic\u00edpio.<\/p>\n<p><img fetchpriority=\"high\" decoding=\"async\" width=\"610\" height=\"401\" data-id=\"117715\" class=\"wp-image-117715\" src=\"https:\/\/www.europesays.com\/pt\/wp-content\/uploads\/2026\/01\/1767923426_115_Imagem1.jpg\" alt=\"\"  \/><\/p>\n<p>O cuidado com a sa\u00fade da popula\u00e7\u00e3o ganha um novo e importante cap\u00edtulo no Complexo VS10. Est\u00e3o em ritmo acelerado as obras de constru\u00e7\u00e3o da Unidade B\u00e1sica de Sa\u00fade (UBS) Porte V, um projeto estrat\u00e9gico que visa transformar o atendimento m\u00e9dico em uma das regi\u00f5es de maior densidade populacional e demanda de Parauapebas.<\/p>\n<p>Luiz Veloso, secret\u00e1rio de Sa\u00fade do munic\u00edpio, Aur\u00e9lio Goiano, Roginaldo Rocha, secret\u00e1rio de Obras e equipe de engenharia estiveram na obra nesta quarta-feira, 7, para vistoriar de perto a constru\u00e7\u00e3o da unidade.<\/p>\n<p>A unidade \u00e9 fruto de uma parceria entre o governo municipal e o governo federal, por meio do programa Novo PAC \u2013 Desenvolvimento e Sustentabilidade. O objetivo \u00e9 claro: descentralizar os servi\u00e7os e garantir que o cidad\u00e3o encontre atendimento de qualidade perto de onde vive.<\/p>\n<p>Mais do que um pr\u00e9dio, a nova Unidade B\u00e1sica de Sa\u00fade (UBS) foi planejada para ser um espa\u00e7o de acolhimento. Com uma estrutura moderna e acess\u00edvel, a unidade ter\u00e1 capacidade para cinco equipes de Aten\u00e7\u00e3o Prim\u00e1ria, sendo apta a atender cerca de 20 mil moradores da regi\u00e3o.<\/p>\n<p><strong>A nova UBS tem estrutura inovadora e ampla, que cont\u00e9m:<\/strong><\/p>\n<p>\u00b7\u00a0\u00a0\u00a0\u00a0\u00a0\u00a0\u00a0 <strong>Consult\u00f3rios:<\/strong> atendimento m\u00e9dico e de enfermagem.<\/p>\n<p>\u00b7\u00a0\u00a0\u00a0\u00a0\u00a0\u00a0\u00a0 <strong>Sa\u00fade Bucal:<\/strong> consult\u00f3rios odontol\u00f3gicos equipados.<\/p>\n<p>\u00b7\u00a0\u00a0\u00a0\u00a0\u00a0\u00a0\u00a0 <strong>Servi\u00e7os Especializados:<\/strong> salas de vacina\u00e7\u00e3o (imuniza\u00e7\u00e3o), curativos e procedimentos.<\/p>\n<p>\u00b7\u00a0\u00a0\u00a0\u00a0\u00a0\u00a0\u00a0 <strong>Farm\u00e1cia Pr\u00f3pria:<\/strong> facilidade no acesso a medicamentos.<\/p>\n<p>\u00b7\u00a0\u00a0\u00a0\u00a0\u00a0\u00a0\u00a0 <strong>Bem-estar:<\/strong> espa\u00e7os dedicados a atividades coletivas e educa\u00e7\u00e3o em sa\u00fade.<\/p>\n<p>A consolida\u00e7\u00e3o desta unidade refor\u00e7a a Aten\u00e7\u00e3o Prim\u00e1ria como a principal porta de entrada do Sistema \u00danico de Sa\u00fade (SUS). Com a nova estrutura, o munic\u00edpio amplia sua capacidade de realizar o acompanhamento de pr\u00e9-natal, cuidados com idosos, controle de doen\u00e7as cr\u00f4nicas e a\u00e7\u00f5es de preven\u00e7\u00e3o que evitam o agravamento de enfermidades.<\/p>\n<p>Para a gest\u00e3o do prefeito Aur\u00e9lio Goiano, essa obra vai dar qualidade de vida aos moradores da VS10. Ela se encontrava parada e com grande possibilidade de perder o recurso do governo federal. Mas os esfor\u00e7os da gest\u00e3o fizeram com que hoje a obra se tornasse realidade e j\u00e1 se encontra com vinte por cento em andamento.<\/p>\n<p><img loading=\"lazy\" decoding=\"async\" width=\"1920\" height=\"1080\" data-id=\"117720\" class=\"wp-image-117720\" src=\"https:\/\/www.europesays.com\/pt\/wp-content\/uploads\/2026\/01\/IMG_2616-1920x1080.jpg\" alt=\"\"  \/><br \/>\ndefault<\/p>\n<p><img loading=\"lazy\" decoding=\"async\" width=\"1920\" height=\"1080\" data-id=\"117719\" class=\"wp-image-117719\" src=\"https:\/\/www.europesays.com\/pt\/wp-content\/uploads\/2026\/01\/IMG_2623-1920x1080.jpg\" alt=\"\"  \/><br \/>\ndefault<\/p>\n<p>\u201cO investimento \u00e9 uma prova do compromisso com a dignidade do povo de Parauapebas. Fortalecer a base da sa\u00fade \u00e9 investir no futuro da nossa gente, \u00e9 o que me propus a fazer, e essa UBS no Complexo VS10 representa mais acesso, menos filas e um cuidado muito mais humanizado para as fam\u00edlias parauapebenses\u201d, destacou o prefeito.<\/p>\n<p><img loading=\"lazy\" decoding=\"async\" width=\"1428\" height=\"804\" class=\"wp-image-117721\" src=\"https:\/\/www.europesays.com\/pt\/wp-content\/uploads\/2026\/01\/WhatsApp-Image-2026-01-08-at-09.57.56.jpeg\" alt=\"\"  \/><\/p>\n<p>Com o avan\u00e7o das obras, a expectativa \u00e9 que em breve a comunidade possa usufruir de um servi\u00e7o de sa\u00fade mais \u00e1gil, eficiente e presente no dia a dia do bairro.<\/p>\n<p><strong>Texto: Ana Freitas<\/strong><\/p>\n<p><strong>Assessoria de Comunica\u00e7\u00e3o\/PMP 2026<\/strong><\/p>\n<p>\u00a0<\/p>\n","protected":false},"excerpt":{"rendered":"Viabilizada pelo Novo PAC, a Unidade Porte V ter\u00e1 capacidade para atender 20 mil pessoas, fortalecendo a porta&hellip;\n","protected":false},"author":2,"featured_media":221495,"comment_status":"","ping_status":"","sticky":false,"template":"","format":"standard","meta":{"footnotes":""},"categories":[86],"tags":[116,32,33,117],"class_list":{"0":"post-221494","1":"post","2":"type-post","3":"status-publish","4":"format-standard","5":"has-post-thumbnail","7":"category-saude","8":"tag-health","9":"tag-portugal","10":"tag-pt","11":"tag-saude"},"share_on_mastodon":{"url":"https:\/\/pubeurope.com\/@pt\/115862636029322184","error":""},"_links":{"self":[{"href":"https:\/\/www.europesays.com\/pt\/wp-json\/wp\/v2\/posts\/221494","targetHints":{"allow":["GET"]}}],"collection":[{"href":"https:\/\/www.europesays.com\/pt\/wp-json\/wp\/v2\/posts"}],"about":[{"href":"https:\/\/www.europesays.com\/pt\/wp-json\/wp\/v2\/types\/post"}],"author":[{"embeddable":true,"href":"https:\/\/www.europesays.com\/pt\/wp-json\/wp\/v2\/users\/2"}],"replies":[{"embeddable":true,"href":"https:\/\/www.europesays.com\/pt\/wp-json\/wp\/v2\/comments?post=221494"}],"version-history":[{"count":0,"href":"https:\/\/www.europesays.com\/pt\/wp-json\/wp\/v2\/posts\/221494\/revisions"}],"wp:featuredmedia":[{"embeddable":true,"href":"https:\/\/www.europesays.com\/pt\/wp-json\/wp\/v2\/media\/221495"}],"wp:attachment":[{"href":"https:\/\/www.europesays.com\/pt\/wp-json\/wp\/v2\/media?parent=221494"}],"wp:term":[{"taxonomy":"category","embeddable":true,"href":"https:\/\/www.europesays.com\/pt\/wp-json\/wp\/v2\/categories?post=221494"},{"taxonomy":"post_tag","embeddable":true,"href":"https:\/\/www.europesays.com\/pt\/wp-json\/wp\/v2\/tags?post=221494"}],"curies":[{"name":"wp","href":"https:\/\/api.w.org\/{rel}","templated":true}]}}