{"id":221520,"date":"2026-01-09T02:19:27","date_gmt":"2026-01-09T02:19:27","guid":{"rendered":"https:\/\/www.europesays.com\/pt\/221520\/"},"modified":"2026-01-09T02:19:27","modified_gmt":"2026-01-09T02:19:27","slug":"glifosato-nao-afeta-eficacia-de-virus-contra-spodoptera-frugiperda","status":"publish","type":"post","link":"https:\/\/www.europesays.com\/pt\/221520\/","title":{"rendered":"Glifosato n\u00e3o afeta efic\u00e1cia de v\u00edrus contra Spodoptera frugiperda"},"content":{"rendered":"<p>                                                                                                        &#13;<\/p>\n<p>                                            <img decoding=\"async\" class=\"object-cover w-[100%] h-[100%]\" src=\"https:\/\/www.europesays.com\/pt\/wp-content\/uploads\/2026\/01\/3fdd4af4-face-49f2-bd0e-7780cff076b4.jpg\" alt=\"Foto:\u00a0University of Georgia\"\/><\/p>\n<p>                                                &#13;<br \/>\n                                                    Foto:\u00a0University of Georgia&#13;<\/p>\n<p>                                    &#13;<\/p>\n<p class=\"text-[22px] leading-[1.4]    mt-[16px]   mb-[16px] \" style=\"padding-left: 0px;\">&#13;<br \/>\n                                    O uso de herbicida \u00e0 base de glifosato n\u00e3o compromete a a\u00e7\u00e3o de <a href=\"https:\/\/revistacultivar.com.br\/fitossanidade\/spodoptera-multiple-nucleopolyhedrovirus-smnpv\" target=\"_blank\" rel=\"nofollow noopener\">Spodoptera multiple nucleopolyhedrovirus (SfMNPV)<\/a> no controle biol\u00f3gico de <a href=\"https:\/\/revistacultivar.com.br\/fitossanidade\/spodoptera-frugiperda\" target=\"_blank\" rel=\"nofollow noopener\">Spodoptera frugiperda<\/a>. Essa foi a principal conclus\u00e3o de um estudo de pesquisadores mexicanos.&#13;\n                                <\/p>\n<p class=\"text-[22px] leading-[1.4]    mt-[16px]   mb-[32px] \" style=\"padding-left: 0px;\">&#13;<br \/>\n                                    Os pesquisadores informam n\u00e3o haverem observado altera\u00e7\u00f5es no crescimento, na sobreviv\u00eancia ou no desenvolvimento das lagartas expostas a doses recomendadas do herbicida. O produto n\u00e3o mudou o peso das larvas, o tempo at\u00e9 a pupa\u00e7\u00e3o nem a propor\u00e7\u00e3o entre machos e f\u00eameas.&#13;\n                                <\/p>\n<p>                                                                                                        &#13;<br \/>\n                                    Herbicida sobre o v\u00edrus&#13;<\/p>\n<p class=\"text-[22px] leading-[1.4]    mt-[16px]   mb-[16px] \" style=\"padding-left: 0px;\">&#13;<br \/>\n                                    O estudo tamb\u00e9m analisou a a\u00e7\u00e3o do herbicida sobre o v\u00edrus. Os testes indicaram que a presen\u00e7a do glifosato n\u00e3o afetou a infectividade do SfMNPV. A taxa de mortalidade causada pelo v\u00edrus permaneceu semelhante, com ou sem contato com o herbicida.&#13;\n                                <\/p>\n<p class=\"text-[22px] leading-[1.4]    mt-[16px]   mb-[32px] \" style=\"padding-left: 0px;\">&#13;<br \/>\n                                    Em ensaios com plantas de milho, as lagartas adquiriram a infec\u00e7\u00e3o viral da mesma forma em plantas tratadas com herbicida e em plantas sem aplica\u00e7\u00e3o. O resultado ocorreu tanto um dia quanto seis dias ap\u00f3s o uso do produto, per\u00edodo em que surgiram sinais iniciais de fitotoxicidade nas plantas.&#13;\n                                <\/p>\n<p>                                                                                                        &#13;<br \/>\n                                    Persist\u00eancia do v\u00edrus&#13;<\/p>\n<p class=\"text-[22px] leading-[1.4]    mt-[16px]   mb-[16px] \" style=\"padding-left: 0px;\">&#13;<br \/>\n                                    A persist\u00eancia do v\u00edrus no solo tamb\u00e9m n\u00e3o sofreu influ\u00eancia do herbicida. Durante seis semanas de avalia\u00e7\u00e3o em casa de vegeta\u00e7\u00e3o, o SfMNPV manteve a capacidade de infectar as lagartas, mesmo em solos tratados com glifosato.&#13;\n                                <\/p>\n<p class=\"text-[22px] leading-[1.4]    mt-[16px]   mb-[16px] \" style=\"padding-left: 0px;\">&#13;<br \/>\n                                    Segundo os autores, os dados de laborat\u00f3rio e casa de vegeta\u00e7\u00e3o indicam que o herbicida testado n\u00e3o interfere na efic\u00e1cia do v\u00edrus como ferramenta de controle biol\u00f3gico da lagarta-do-cartucho. Todavia, recomendam novos estudos em condi\u00e7\u00f5es de campo, com diferentes tipos de solo e formula\u00e7\u00f5es comerciais de herbicidas, antes de extrapolar os resultados para sistemas produtivos.&#13;\n                                <\/p>\n<p class=\"text-[22px] leading-[1.4]    mt-[16px]   mb-[16px] \" style=\"padding-left: 0px;\">&#13;<br \/>\n                                    Outras informa\u00e7\u00f5es em doi.org\/10.3390\/insects17010073&#13;\n                                <\/p>\n","protected":false},"excerpt":{"rendered":"&#13; &#13; Foto:\u00a0University of Georgia&#13; &#13; &#13; O uso de herbicida \u00e0 base de glifosato n\u00e3o compromete a&hellip;\n","protected":false},"author":2,"featured_media":221521,"comment_status":"","ping_status":"","sticky":false,"template":"","format":"standard","meta":{"footnotes":""},"categories":[86],"tags":[562,8682,8683,8673,8674,8672,116,8681,8679,8676,8684,8680,4907,32,8677,33,117,8678,8675],"class_list":{"0":"post-221520","1":"post","2":"type-post","3":"status-publish","4":"format-standard","5":"has-post-thumbnail","7":"category-saude","8":"tag-agricultura","9":"tag-agricultura-familiar","10":"tag-agroindustria","11":"tag-agronomia","12":"tag-agropecuaria","13":"tag-cultivo","14":"tag-health","15":"tag-horticultura","16":"tag-inovacao-no-campo","17":"tag-manejo-de-culturas","18":"tag-maquinas-agricolas","19":"tag-mercado-agricola","20":"tag-pecuaria","21":"tag-portugal","22":"tag-producao-agricola","23":"tag-pt","24":"tag-saude","25":"tag-sustentabilidade-rural","26":"tag-tecnologia-agricola"},"share_on_mastodon":{"url":"https:\/\/pubeurope.com\/@pt\/115862750019195094","error":""},"_links":{"self":[{"href":"https:\/\/www.europesays.com\/pt\/wp-json\/wp\/v2\/posts\/221520","targetHints":{"allow":["GET"]}}],"collection":[{"href":"https:\/\/www.europesays.com\/pt\/wp-json\/wp\/v2\/posts"}],"about":[{"href":"https:\/\/www.europesays.com\/pt\/wp-json\/wp\/v2\/types\/post"}],"author":[{"embeddable":true,"href":"https:\/\/www.europesays.com\/pt\/wp-json\/wp\/v2\/users\/2"}],"replies":[{"embeddable":true,"href":"https:\/\/www.europesays.com\/pt\/wp-json\/wp\/v2\/comments?post=221520"}],"version-history":[{"count":0,"href":"https:\/\/www.europesays.com\/pt\/wp-json\/wp\/v2\/posts\/221520\/revisions"}],"wp:featuredmedia":[{"embeddable":true,"href":"https:\/\/www.europesays.com\/pt\/wp-json\/wp\/v2\/media\/221521"}],"wp:attachment":[{"href":"https:\/\/www.europesays.com\/pt\/wp-json\/wp\/v2\/media?parent=221520"}],"wp:term":[{"taxonomy":"category","embeddable":true,"href":"https:\/\/www.europesays.com\/pt\/wp-json\/wp\/v2\/categories?post=221520"},{"taxonomy":"post_tag","embeddable":true,"href":"https:\/\/www.europesays.com\/pt\/wp-json\/wp\/v2\/tags?post=221520"}],"curies":[{"name":"wp","href":"https:\/\/api.w.org\/{rel}","templated":true}]}}