{"id":221522,"date":"2026-01-09T02:23:12","date_gmt":"2026-01-09T02:23:12","guid":{"rendered":"https:\/\/www.europesays.com\/pt\/221522\/"},"modified":"2026-01-09T02:23:12","modified_gmt":"2026-01-09T02:23:12","slug":"os-numeros-impressionantes-da-maior-ponte-do-mundo","status":"publish","type":"post","link":"https:\/\/www.europesays.com\/pt\/221522\/","title":{"rendered":"Os n\u00fameros impressionantes da maior ponte do Mundo"},"content":{"rendered":"<p data-remotead-prev-elm=\"true\" data-remotead-elm-id=\"inread\">Depois de uma pausa substancial de movimento durante os anos da pandemia, a ag\u00eancia chinesa Xinhua relata que o volume de tr\u00e1fego acelerou de forma impressionante.<\/p>\n<p>&#8220;Demorou mais de cinco anos para o tr\u00e1fego de passageiros no posto fronteiri\u00e7o ultrapassar os primeiros 50 milh\u00f5es de viagens, enquanto os segundos 50 milh\u00f5es foram alcan\u00e7ados em apenas um ano e oito meses&#8221;, afirmou Chen Faqiu, sublinhou o respons\u00e1vel da Esta\u00e7\u00e3o de Inspe\u00e7\u00e3o Fronteiri\u00e7a do posto da ponte, citado pela Xinhua.<\/p>\n<p>Inaugurada em 2018, a infraestrutura tem uma extens\u00e3o total de cerca de 55 quil\u00f3metros, que inclui um t\u00fanel submarino de quase sete quil\u00f3metros entre duas ilhas artificiais, constru\u00eddo para facilitar a navega\u00e7\u00e3o no delta do rio das P\u00e9rolas. Reduziu em cerca de metade o tempo de viagem entre Macau e Hong Kong.<\/p>\n<p data-remotead-prev-elm=\"true\" data-remotead-elm-id=\"centro1\">Os residentes de Hong Kong e Macau representam 58,7% do volume total de passageiros, com mais de 58,7 milh\u00f5es de travessias registadas.<\/p>\n<p>Apenas em 2025, foram efetuadas cerca de 18 milh\u00f5es de viagens por residentes a deslocarem-se de e para a China continental, quase tr\u00eas vezes mais do que em 2019, segundo n\u00fameros oficiais.<\/p>\n<p>O tr\u00e1fego de ve\u00edculos tamb\u00e9m disparou. Mais de 8,4 milh\u00f5es de viaturas registadas em Hong Kong e Macau com autoriza\u00e7\u00e3o de circula\u00e7\u00e3o transfronteiri\u00e7a foram inspecionadas.<\/p>\n<p data-remotead-prev-elm=\"true\" data-remotead-elm-id=\"centro2\">&#8220;Conduzir at\u00e9 \u00e0 China continental atrav\u00e9s da ponte tornou-se parte do dia-a-dia dos residentes de Hong Kong e Macau&#8221;, adiantou a Xinhua.<\/p>\n<p>Por outro lado, a ponte j\u00e1 processou um total acumulado de 39,4 milh\u00f5es de viagens de cidad\u00e3os da China continental com destino a Macau e Hong Kong. Mais de 12,6 milh\u00f5es dessas viagens ocorreram em 2025, estabelecendo um recorde hist\u00f3rico.<\/p>\n<p>Em junho do ano passado, a Pol\u00edcia de Seguran\u00e7a P\u00fablica de Macau anunciou que os turistas de 82 pa\u00edses, incluindo Portugal, Brasil e Cabo Verde, poder\u00e3o entrar na regi\u00e3o atrav\u00e9s da ponte, sem precisar de sair do ve\u00edculo.<\/p>\n","protected":false},"excerpt":{"rendered":"Depois de uma pausa substancial de movimento durante os anos da pandemia, a ag\u00eancia chinesa Xinhua relata que&hellip;\n","protected":false},"author":2,"featured_media":221523,"comment_status":"","ping_status":"","sticky":false,"template":"","format":"standard","meta":{"footnotes":""},"categories":[50],"tags":[27,28,358,15,16,14,12212,25,26,21,22,62,12,13,19,20,7302,23,24,17,18,29,30,31,20263,63,64,65],"class_list":{"0":"post-221522","1":"post","2":"type-post","3":"status-publish","4":"format-standard","5":"has-post-thumbnail","7":"category-mundo","8":"tag-breaking-news","9":"tag-breakingnews","10":"tag-china","11":"tag-featured-news","12":"tag-featurednews","13":"tag-headlines","14":"tag-hong-kong","15":"tag-latest-news","16":"tag-latestnews","17":"tag-main-news","18":"tag-mainnews","19":"tag-mundo","20":"tag-news","21":"tag-noticias","22":"tag-noticias-principais","23":"tag-noticiasprincipais","24":"tag-ponte","25":"tag-principais-noticias","26":"tag-principaisnoticias","27":"tag-top-stories","28":"tag-topstories","29":"tag-ultimas","30":"tag-ultimas-noticias","31":"tag-ultimasnoticias","32":"tag-volta-ao-mundo-noticias","33":"tag-world","34":"tag-world-news","35":"tag-worldnews"},"share_on_mastodon":{"url":"https:\/\/pubeurope.com\/@pt\/115862765722555842","error":""},"_links":{"self":[{"href":"https:\/\/www.europesays.com\/pt\/wp-json\/wp\/v2\/posts\/221522","targetHints":{"allow":["GET"]}}],"collection":[{"href":"https:\/\/www.europesays.com\/pt\/wp-json\/wp\/v2\/posts"}],"about":[{"href":"https:\/\/www.europesays.com\/pt\/wp-json\/wp\/v2\/types\/post"}],"author":[{"embeddable":true,"href":"https:\/\/www.europesays.com\/pt\/wp-json\/wp\/v2\/users\/2"}],"replies":[{"embeddable":true,"href":"https:\/\/www.europesays.com\/pt\/wp-json\/wp\/v2\/comments?post=221522"}],"version-history":[{"count":0,"href":"https:\/\/www.europesays.com\/pt\/wp-json\/wp\/v2\/posts\/221522\/revisions"}],"wp:featuredmedia":[{"embeddable":true,"href":"https:\/\/www.europesays.com\/pt\/wp-json\/wp\/v2\/media\/221523"}],"wp:attachment":[{"href":"https:\/\/www.europesays.com\/pt\/wp-json\/wp\/v2\/media?parent=221522"}],"wp:term":[{"taxonomy":"category","embeddable":true,"href":"https:\/\/www.europesays.com\/pt\/wp-json\/wp\/v2\/categories?post=221522"},{"taxonomy":"post_tag","embeddable":true,"href":"https:\/\/www.europesays.com\/pt\/wp-json\/wp\/v2\/tags?post=221522"}],"curies":[{"name":"wp","href":"https:\/\/api.w.org\/{rel}","templated":true}]}}