{"id":221526,"date":"2026-01-09T02:26:10","date_gmt":"2026-01-09T02:26:10","guid":{"rendered":"https:\/\/www.europesays.com\/pt\/221526\/"},"modified":"2026-01-09T02:26:10","modified_gmt":"2026-01-09T02:26:10","slug":"despedida-namorada-de-maycon-douglas-mostra-momentos-romanticos-ao-seu-lado-flash-pt","status":"publish","type":"post","link":"https:\/\/www.europesays.com\/pt\/221526\/","title":{"rendered":"Despedida. Namorada de Maycon Douglas mostra momentos rom\u00e2nticos ao seu lado &#8211; Flash.pt"},"content":{"rendered":"<ol>\n<li><a href=\"https:\/\/news.google.com\/rss\/articles\/CBMisgFBVV95cUxQS2s4Ny1IUElNS1YzdUVuT2JqLWxlemZYenpUM0s4dFU4Zk5KWUtXbHlkREZJOFdNMnJTWVd3S0Fwa0lBWHhXQkFBbUNOOGxwdC1laHg4NkdpSjlxUlVvWHMzWVh4NzJCaXc2X2g1Ql8wS1dUQUFRT1hwNjFmTVFyTlRGdzRwWmRmdTI1amRLdzdCT0hQT29YTWRWWHItS3lwUnpheGZlMkViMXV3bWFRTkdR?oc=5\" target=\"_blank\" rel=\"nofollow noopener\">Despedida. Namorada de Maycon Douglas mostra momentos rom\u00e2nticos ao seu lado<\/a>&nbsp;&nbsp;Flash.pt<\/li>\n<li><a href=\"https:\/\/news.google.com\/rss\/articles\/CBMiygFBVV95cUxQb0xxeHkxdFBnMnlVMnVPZmxFVjI4bzViZ0xaYmNtZHBKV3dOR3FTdDd5NTBuQUc4S0lIT25ES09aSnhqdmtST2xLYnpMNklmOXpIS0x3T1dPeE5UcWxlRkpGUTMwVWV2VklWWXFxZ01LZTM0Y3U3RWljM2tYRVFma0JmZHMybkl1ZFBWR1FWWm1QaERqMjhOTmhnY2x4VXI4QnFuZTNtdjhDQUZqRDFLb1hMVjJlS0JfZ1V2azZTWnVETXVEZ1JPd3pB0gHYAUFVX3lxTE8yeGhia1YzUDE0ZFFDOWJGaFF3ZU5BVTNOV0dsM1V3d0pUSUktTHppRXlRWURFTDhfRVUtZUxCQmxtZnZYOHRnNVRvcGdYN2pxUHpMMUcwWmRIcW4tUEZYQ2lhVmV5TEdJLXJ2b0JqWjZxanlFMWN3NUEtamM1Mk1sbjR6ME9kMi1sR0VTQjE5RHh5ZDRkTmU3bGROTC05SFlkT0NUbjB6NHlKUVlISTQyb3phX2ZMMmtOSFk0Q1gxd3hyV2tzMGF2eFRFV1hGZmV0d1c5LURINA?oc=5\" target=\"_blank\" rel=\"nofollow noopener\">DJ brasileiro \u00e9 encontrado morto em Portugal; caso \u00e9 investigado como homic\u00eddio<\/a>&nbsp;&nbsp;G1<\/li>\n<li><a href=\"https:\/\/news.google.com\/rss\/articles\/CBMisgFBVV95cUxOeERYRXVQZEhBckNjWTJvNnA3OUZuMDRsWGFoSE1vRVQ0Vld2S0N2bjlnRXM3SHQ2a3JnX01OV2o5Z2NkcHZlMEVXanRKUUVxakZQYURJYW85UEkwVFBvTFBYal9EOE1PaDdycXc0QnZISXJqeG4tMTR5WVE3LWxnckZIWW01YURGUDhCS2duTVZxVmhnTWZSTHJjc05yd3FncXJMRzM3M25BbjB6ZlRiOFZ3?oc=5\" target=\"_blank\" rel=\"nofollow noopener\">Quem era Maycon Douglas, DJ brasileiro encontrado morto em Portugal<\/a>&nbsp;&nbsp;CNN Brasil<\/li>\n<li><a href=\"https:\/\/news.google.com\/rss\/articles\/CBMiwgFBVV95cUxOQ3lYUlNvMHU3RXpUdzZYSl9ya0hJRVBSUm10UHdVMWlQbVpaWGI5WGoyT0ZpMDAyMzJMTGFyS1lxdUcwbWotTFFUQkRkSXk0OHI5cFB6YkNUOFRVN1JCa25xYnNLYkZBU3E4TnFiYThJY2xscGJtOEZNc1pjRTJPSXBvcFZRcWtqQVBVY01fX3FJaXo5MFVxYlpJcjdQYXhCRzVxYnh4NV9CbVVjSXVWTUF4QmFXU1lxWk9ScEhJQVZ6QQ?oc=5\" target=\"_blank\" rel=\"nofollow noopener\">Ex-reality e com 48 mil seguidores: quem era o brasileiro morto em Portugal<\/a>&nbsp;&nbsp;UOL Not\u00edcias<\/li>\n<li><a href=\"https:\/\/news.google.com\/rss\/articles\/CBMixAFBVV95cUxPZzJ0Y2pDWTJnZ3Q0aDQxQ2J2d2w1SW5NMmNidVJ6ekJ1bDlhSWlEb0FtenFRQzJmTUw4cEJ1NXc0X2JpUGtJTjBUMnJtdUVCZnJ0eTdhOUJ2R0gzQjYxUU1pamRPZXNqeTU5aG01Vi1fMThxMk1yYVlPQ0VxRjJNYTlKUjhsVXBGRjJQaTllX0dXT3FJaUFNOHNDU3pobWtrWmY4ci0wX0RXaHFiN0lkVkVYYU5HM2FvRkRaOGFlWHhNVm1T?oc=5\" target=\"_blank\" rel=\"nofollow noopener\">O que se sabe sobre a morte do DJ brasileiro Maycon Douglas, encontrado em praia de Portugal<\/a>&nbsp;&nbsp;VEJA<\/li>\n<\/ol>\n","protected":false},"excerpt":{"rendered":"Despedida. Namorada de Maycon Douglas mostra momentos rom\u00e2nticos ao seu lado&nbsp;&nbsp;Flash.pt DJ brasileiro \u00e9 encontrado morto em Portugal;&hellip;\n","protected":false},"author":2,"featured_media":221527,"comment_status":"","ping_status":"","sticky":false,"template":"","format":"standard","meta":{"footnotes":""},"categories":[145],"tags":[813,211,210,114,115,32,33],"class_list":{"0":"post-221526","1":"post","2":"type-post","3":"status-publish","4":"format-standard","5":"has-post-thumbnail","7":"category-celebridades","8":"tag-atriz","9":"tag-celebridades","10":"tag-celebrities","11":"tag-entertainment","12":"tag-entretenimento","13":"tag-portugal","14":"tag-pt"},"share_on_mastodon":{"url":"https:\/\/pubeurope.com\/@pt\/115862777539563285","error":""},"_links":{"self":[{"href":"https:\/\/www.europesays.com\/pt\/wp-json\/wp\/v2\/posts\/221526","targetHints":{"allow":["GET"]}}],"collection":[{"href":"https:\/\/www.europesays.com\/pt\/wp-json\/wp\/v2\/posts"}],"about":[{"href":"https:\/\/www.europesays.com\/pt\/wp-json\/wp\/v2\/types\/post"}],"author":[{"embeddable":true,"href":"https:\/\/www.europesays.com\/pt\/wp-json\/wp\/v2\/users\/2"}],"replies":[{"embeddable":true,"href":"https:\/\/www.europesays.com\/pt\/wp-json\/wp\/v2\/comments?post=221526"}],"version-history":[{"count":0,"href":"https:\/\/www.europesays.com\/pt\/wp-json\/wp\/v2\/posts\/221526\/revisions"}],"wp:featuredmedia":[{"embeddable":true,"href":"https:\/\/www.europesays.com\/pt\/wp-json\/wp\/v2\/media\/221527"}],"wp:attachment":[{"href":"https:\/\/www.europesays.com\/pt\/wp-json\/wp\/v2\/media?parent=221526"}],"wp:term":[{"taxonomy":"category","embeddable":true,"href":"https:\/\/www.europesays.com\/pt\/wp-json\/wp\/v2\/categories?post=221526"},{"taxonomy":"post_tag","embeddable":true,"href":"https:\/\/www.europesays.com\/pt\/wp-json\/wp\/v2\/tags?post=221526"}],"curies":[{"name":"wp","href":"https:\/\/api.w.org\/{rel}","templated":true}]}}