{"id":221566,"date":"2026-01-09T03:20:14","date_gmt":"2026-01-09T03:20:14","guid":{"rendered":"https:\/\/www.europesays.com\/pt\/221566\/"},"modified":"2026-01-09T03:20:14","modified_gmt":"2026-01-09T03:20:14","slug":"paquistao-acusa-afeganistao-de-virar-centro-do-terrorismo-e-alerta-para-ameaca-regional","status":"publish","type":"post","link":"https:\/\/www.europesays.com\/pt\/221566\/","title":{"rendered":"Paquist\u00e3o acusa Afeganist\u00e3o de virar \u201ccentro do terrorismo\u201d e alerta para amea\u00e7a regional"},"content":{"rendered":"<p>As For\u00e7as Armadas do <a href=\"https:\/\/areferencia.com\/?s=Paquist%C3%A3o+\" rel=\"nofollow noopener\" target=\"_blank\"><strong>Paquist\u00e3o<\/strong><\/a> alertaram que o <a href=\"https:\/\/areferencia.com\/?s=Afeganist%C3%A3o+\" rel=\"nofollow noopener\" target=\"_blank\"><strong>Afeganist\u00e3o<\/strong><\/a> est\u00e1 se tornando um \u201ccentro de terroristas e atores n\u00e3o estatais\u201d, representando uma amea\u00e7a \u00e0 seguran\u00e7a regional. A declara\u00e7\u00e3o foi feita na ter\u00e7a-feira (6) pelo porta-voz militar paquistan\u00eas, tenente-general Ahmad Sharif Chaudhry, durante entrevista coletiva em Islamabad. As informa\u00e7\u00f5es s\u00e3o da <strong><a href=\"https:\/\/abcnews.go.com\/International\/wireStory\/pakistan-warns-afghanistan-becoming-hub-terrorists-poses-regional-128948682\" rel=\"nofollow noopener\" target=\"_blank\">ABC News<\/a><\/strong>.<\/p>\n<p>Segundo Chaudhry, o governo talib\u00e3 estaria patrocinando organiza\u00e7\u00f5es extremistas como a <a href=\"https:\/\/areferencia.com\/?s=Al-Qaeda\" rel=\"nofollow noopener\" target=\"_blank\"><strong>Al-Qaeda<\/strong><\/a>, o <a href=\"https:\/\/areferencia.com\/?s=Estado+Isl%C3%A2mico\" rel=\"nofollow noopener\" target=\"_blank\"><strong>Estado Isl\u00e2mico<\/strong><\/a> (EI) e o <a href=\"https:\/\/areferencia.com\/?s=Tehrik-e+Taliban+Pakistan\" rel=\"nofollow noopener\" target=\"_blank\"><strong>Tehrik-e Taliban Pakistan<\/strong><\/a>\u00a0(TTP), popularmente conhecido como\u00a0<a href=\"https:\/\/areferencia.com\/?s=taleban+do+paquist%C3%A3o\" rel=\"nofollow noopener\" target=\"_blank\"><strong>Taleban do\u00a0Paquist\u00e3o<\/strong><\/a>. O militar n\u00e3o apresentou provas para sustentar as acusa\u00e7\u00f5es.<\/p>\n<p><img data-lazyloaded=\"1\" fetchpriority=\"high\" decoding=\"async\" width=\"920\" height=\"517\" src=\"https:\/\/www.europesays.com\/pt\/wp-content\/uploads\/2026\/01\/ttp-taleban-paquistao.jpg\" alt=\"\" class=\"wp-image-47392\"  data-\/>Tehrik-e Taliban Pakistan (TTP), o popular Taleban do Paquist\u00e3o (Foto: reprodu\u00e7\u00e3o\/Twitter)<\/p>\n<p>Durante a coletiva, Chaudhry afirmou ainda que cerca de 2,5 mil militantes estrangeiros teriam entrado recentemente no Afeganist\u00e3o vindos da S\u00edria, ap\u00f3s a <a href=\"https:\/\/areferencia.com\/oriente-medio\/quem-e-quem-no-conflito-da-siria-que-derrubou-al-assad\/\" rel=\"nofollow noopener\" target=\"_blank\"><strong>deposi\u00e7\u00e3o do ex-presidente Bashar al-Assad<\/strong><\/a>, em dezembro de 2024. De acordo com ele, esses combatentes teriam sido convidados a ingressar no pa\u00eds.<\/p>\n<p>\u201cEsses terroristas n\u00e3o s\u00e3o cidad\u00e3os paquistaneses nem afeg\u00e3os e pertencem a outras nacionalidades\u201d, disse o porta-voz, acrescentando que o fortalecimento de grupos militantes internacionais pode gerar riscos que ultrapassam as fronteiras afeg\u00e3s.<\/p>\n<p>At\u00e9 o momento, o governo de Cabul n\u00e3o comentou as declara\u00e7\u00f5es. A guerra civil s\u00edria, que se estendeu por quase 14 anos, terminou com a queda de Assad, mas deixou um cen\u00e1rio fragmentado, com diversos grupos armados atuando em diferentes regi\u00f5es, resultado de anos de interven\u00e7\u00e3o estrangeira.<\/p>\n<p>Desde ent\u00e3o, combatentes s\u00edrios passaram a atuar em outros conflitos, incluindo for\u00e7as apoiadas pela Turquia enviadas \u00e0 L\u00edbia e militantes recrutados pela R\u00fassia para a guerra na Ucr\u00e2nia. Estrangeiros tamb\u00e9m integraram fac\u00e7\u00f5es rebeldes, for\u00e7as pr\u00f3-governo e grupos extremistas como o Estado Isl\u00e2mico.<\/p>\n<p>As acusa\u00e7\u00f5es do Paquist\u00e3o ocorreram um dia ap\u00f3s o pa\u00eds e a <a href=\"https:\/\/areferencia.com\/?s=China+\" rel=\"nofollow noopener\" target=\"_blank\"><strong>China<\/strong><\/a> pedirem a\u00e7\u00f5es mais \u201cvis\u00edveis e verific\u00e1veis\u201d para eliminar organiza\u00e7\u00f5es militantes que operam em territ\u00f3rio afeg\u00e3o e impedir que o pa\u00eds seja usado como base para ataques contra outras na\u00e7\u00f5es.<\/p>\n<p>As rela\u00e7\u00f5es entre Paquist\u00e3o e Afeganist\u00e3o se deterioraram nos \u00faltimos meses. Em outubro, os dois pa\u00edses estiveram pr\u00f3ximos de um conflito mais amplo ap\u00f3s ataques a\u00e9reos paquistaneses contra alvos que Islamabad classificou como esconderijos do Taleban Paquistan\u00eas em territ\u00f3rio afeg\u00e3o. Cabul respondeu atacando postos militares do Paquist\u00e3o. Os confrontos cessaram ap\u00f3s media\u00e7\u00e3o do <a href=\"https:\/\/areferencia.com\/?s=Catar\" rel=\"nofollow noopener\" target=\"_blank\"><strong>Catar<\/strong><\/a>.<\/p>\n<p>O Paquist\u00e3o acusa h\u00e1 anos o Afeganist\u00e3o e a \u00cdndia de apoiarem o TTP e o Ex\u00e9rcito Nacional Bal\u00fachi, ambos considerados grupos ilegais. Cabul e Nova D\u00e9li negam as acusa\u00e7\u00f5es.<\/p>\n<p>Chaudhry tamb\u00e9m divulgou n\u00fameros sobre a seguran\u00e7a interna do pa\u00eds. Segundo ele, 2.597 militantes foram mortos no Paquist\u00e3o em 2025, contra 1.053 no ano anterior. O n\u00famero de ataques militantes subiu de 3.014, em 2024, para 5.397 em 2025.<\/p>\n<p>\u201c\u00c9 um n\u00famero expressivo porque estamos combatendo esses grupos em todos os lugares\u201d, afirmou o porta-voz, acrescentando que cidad\u00e3os afeg\u00e3os estiveram envolvidos em quase todos os principais ataques registrados no pa\u00eds no \u00faltimo ano.<\/p>\n","protected":false},"excerpt":{"rendered":"As For\u00e7as Armadas do Paquist\u00e3o alertaram que o Afeganist\u00e3o est\u00e1 se tornando um \u201ccentro de terroristas e atores&hellip;\n","protected":false},"author":2,"featured_media":221567,"comment_status":"","ping_status":"","sticky":false,"template":"","format":"standard","meta":{"footnotes":""},"categories":[50],"tags":[15560,36667,27,28,358,42835,36668,15,16,4006,14,25,26,21,22,62,12,13,19,20,4119,23,24,23461,42836,30373,8270,17,18,29,30,31,63,64,65],"class_list":{"0":"post-221566","1":"post","2":"type-post","3":"status-publish","4":"format-standard","5":"has-post-thumbnail","7":"category-mundo","8":"tag-afeganistao","9":"tag-al-qaeda","10":"tag-breaking-news","11":"tag-breakingnews","12":"tag-china","13":"tag-conflitos-internacionais","14":"tag-estado-islamico","15":"tag-featured-news","16":"tag-featurednews","17":"tag-geopolitica","18":"tag-headlines","19":"tag-latest-news","20":"tag-latestnews","21":"tag-main-news","22":"tag-mainnews","23":"tag-mundo","24":"tag-news","25":"tag-noticias","26":"tag-noticias-principais","27":"tag-noticiasprincipais","28":"tag-paquistao","29":"tag-principais-noticias","30":"tag-principaisnoticias","31":"tag-seguranca-internacional","32":"tag-taleban","33":"tag-taliba","34":"tag-terrorismo","35":"tag-top-stories","36":"tag-topstories","37":"tag-ultimas","38":"tag-ultimas-noticias","39":"tag-ultimasnoticias","40":"tag-world","41":"tag-world-news","42":"tag-worldnews"},"share_on_mastodon":{"url":"","error":"Validation failed: Text character limit of 500 exceeded"},"_links":{"self":[{"href":"https:\/\/www.europesays.com\/pt\/wp-json\/wp\/v2\/posts\/221566","targetHints":{"allow":["GET"]}}],"collection":[{"href":"https:\/\/www.europesays.com\/pt\/wp-json\/wp\/v2\/posts"}],"about":[{"href":"https:\/\/www.europesays.com\/pt\/wp-json\/wp\/v2\/types\/post"}],"author":[{"embeddable":true,"href":"https:\/\/www.europesays.com\/pt\/wp-json\/wp\/v2\/users\/2"}],"replies":[{"embeddable":true,"href":"https:\/\/www.europesays.com\/pt\/wp-json\/wp\/v2\/comments?post=221566"}],"version-history":[{"count":0,"href":"https:\/\/www.europesays.com\/pt\/wp-json\/wp\/v2\/posts\/221566\/revisions"}],"wp:featuredmedia":[{"embeddable":true,"href":"https:\/\/www.europesays.com\/pt\/wp-json\/wp\/v2\/media\/221567"}],"wp:attachment":[{"href":"https:\/\/www.europesays.com\/pt\/wp-json\/wp\/v2\/media?parent=221566"}],"wp:term":[{"taxonomy":"category","embeddable":true,"href":"https:\/\/www.europesays.com\/pt\/wp-json\/wp\/v2\/categories?post=221566"},{"taxonomy":"post_tag","embeddable":true,"href":"https:\/\/www.europesays.com\/pt\/wp-json\/wp\/v2\/tags?post=221566"}],"curies":[{"name":"wp","href":"https:\/\/api.w.org\/{rel}","templated":true}]}}