{"id":221569,"date":"2026-01-09T03:23:07","date_gmt":"2026-01-09T03:23:07","guid":{"rendered":"https:\/\/www.europesays.com\/pt\/221569\/"},"modified":"2026-01-09T03:23:07","modified_gmt":"2026-01-09T03:23:07","slug":"sosia-brasileiro-de-harry-potter-muda-de-nome-apos-exigencia-da-warner","status":"publish","type":"post","link":"https:\/\/www.europesays.com\/pt\/221569\/","title":{"rendered":"S\u00f3sia brasileiro de Harry Potter muda de nome ap\u00f3s exig\u00eancia da Warner"},"content":{"rendered":"<p class=\"wp-block-yoast-seo-estimated-reading-time yoast-reading-time__wrapper\">Estimated reading time: 2 minutos<\/p>\n<p>O m\u00fasico at\u00e9 ent\u00e3o conhecido como <strong>Harry O Bruxo<\/strong> anunciou oficialmente que mudar\u00e1 seu nome art\u00edstico para apenas <strong>O Bruxo<\/strong>. O cantor de arrocha, famoso nas redes sociais pela semelhan\u00e7a f\u00edsica com <strong>Daniel Radcliffe<\/strong>, tomou a decis\u00e3o ap\u00f3s receber uma notifica\u00e7\u00e3o da <strong>Warner Bros. Discovery<\/strong>, detentora dos direitos da franquia <a href=\"https:\/\/ovicio.com.br\/tag\/harry-potter\" rel=\"nofollow noopener\" target=\"_blank\">Harry Potter<\/a>.<\/p>\n<p>O artista construiu sua identidade p\u00fablica e impulsionou sua carreira no arrocha utilizando o visual do personagem como estrat\u00e9gia de marketing, ganhando proje\u00e7\u00e3o com faixas como <strong>&#8220;Brega do Bruxo&#8221;<\/strong> e viralizando no v\u00eddeo <strong>&#8220;Hollywood do Samba&#8221;<\/strong>, onde s\u00f3sias de celebridades aparecem em um bar na Bahia. Em v\u00eddeo publicado nas redes sociais, ele explicou que a empresa entrou em contato com sua assessoria de marcas e patentes vetando o uso do nome.<\/p>\n<p><strong>&#8220;A Warner Bros. \u00e9 uma empresa que eu respeito muito. Em respeito a eles e a toda essa trajet\u00f3ria maravilhosa do Harry, estou removendo o nome &#8216;Harry&#8217; das redes sociais. Vai ficar s\u00f3 &#8216;O Bruxo&#8217;. Espero que voc\u00eas entendam&#8221;<\/strong>, declarou o cantor, refor\u00e7ando que n\u00e3o \u00e9 o personagem, mas apenas um f\u00e3 que utilizava a imagem.<\/p>\n<p>Vale lembrar que a marca segue sendo prioridade m\u00e1xima para o est\u00fadio. Atualmente, uma s\u00e9rie em live-action reboot de <strong>Harry Potter<\/strong> est\u00e1 em produ\u00e7\u00e3o, com previs\u00e3o de lan\u00e7amento na <strong>HBO<\/strong> para 2027.<\/p>\n<p>Leia tamb\u00e9m sobre Harry Potter:<\/p>\n","protected":false},"excerpt":{"rendered":"Estimated reading time: 2 minutos O m\u00fasico at\u00e9 ent\u00e3o conhecido como Harry O Bruxo anunciou oficialmente que mudar\u00e1&hellip;\n","protected":false},"author":2,"featured_media":221570,"comment_status":"","ping_status":"","sticky":false,"template":"","format":"standard","meta":{"footnotes":""},"categories":[145],"tags":[211,210,15628,114,115,700,32,33,599,7088],"class_list":{"0":"post-221569","1":"post","2":"type-post","3":"status-publish","4":"format-standard","5":"has-post-thumbnail","7":"category-celebridades","8":"tag-celebridades","9":"tag-celebrities","10":"tag-daniel-radcliffe","11":"tag-entertainment","12":"tag-entretenimento","13":"tag-harry-potter","14":"tag-portugal","15":"tag-pt","16":"tag-warner","17":"tag-warner-bros"},"share_on_mastodon":{"url":"https:\/\/pubeurope.com\/@pt\/115863001680885707","error":""},"_links":{"self":[{"href":"https:\/\/www.europesays.com\/pt\/wp-json\/wp\/v2\/posts\/221569","targetHints":{"allow":["GET"]}}],"collection":[{"href":"https:\/\/www.europesays.com\/pt\/wp-json\/wp\/v2\/posts"}],"about":[{"href":"https:\/\/www.europesays.com\/pt\/wp-json\/wp\/v2\/types\/post"}],"author":[{"embeddable":true,"href":"https:\/\/www.europesays.com\/pt\/wp-json\/wp\/v2\/users\/2"}],"replies":[{"embeddable":true,"href":"https:\/\/www.europesays.com\/pt\/wp-json\/wp\/v2\/comments?post=221569"}],"version-history":[{"count":0,"href":"https:\/\/www.europesays.com\/pt\/wp-json\/wp\/v2\/posts\/221569\/revisions"}],"wp:featuredmedia":[{"embeddable":true,"href":"https:\/\/www.europesays.com\/pt\/wp-json\/wp\/v2\/media\/221570"}],"wp:attachment":[{"href":"https:\/\/www.europesays.com\/pt\/wp-json\/wp\/v2\/media?parent=221569"}],"wp:term":[{"taxonomy":"category","embeddable":true,"href":"https:\/\/www.europesays.com\/pt\/wp-json\/wp\/v2\/categories?post=221569"},{"taxonomy":"post_tag","embeddable":true,"href":"https:\/\/www.europesays.com\/pt\/wp-json\/wp\/v2\/tags?post=221569"}],"curies":[{"name":"wp","href":"https:\/\/api.w.org\/{rel}","templated":true}]}}