{"id":221579,"date":"2026-01-09T03:34:15","date_gmt":"2026-01-09T03:34:15","guid":{"rendered":"https:\/\/www.europesays.com\/pt\/221579\/"},"modified":"2026-01-09T03:34:15","modified_gmt":"2026-01-09T03:34:15","slug":"putin-invoca-deus-ao-defender-guerra-na-ucrania-durante-o-natal-ortodoxo","status":"publish","type":"post","link":"https:\/\/www.europesays.com\/pt\/221579\/","title":{"rendered":"Putin invoca Deus ao defender guerra na Ucr\u00e2nia durante o Natal ortodoxo"},"content":{"rendered":"<p>O presidente da R\u00fassia, <a href=\"https:\/\/areferencia.com\/europa\/janelas-escadas-e-acidentes-aereos-saiba-mais-sobre-os-desafetos-de-putin-eliminados\/\" rel=\"nofollow noopener\" target=\"_blank\"><strong>Vladimir Putin<\/strong><\/a>, classificou a guerra na <a href=\"https:\/\/areferencia.com\/?s=Ucr%C3%A2nia+\" rel=\"nofollow noopener\" target=\"_blank\"><strong>Ucr\u00e2nia<\/strong><\/a> como uma \u201cmiss\u00e3o sagrada\u201d durante um discurso feito na celebra\u00e7\u00e3o do <a href=\"https:\/\/areferencia.com\/europa\/tregua-pedida-por-putin-e-uma-tentativa-de-desacreditar-a-ucrania-diz-instituto-de-defesa\/\" rel=\"nofollow noopener\" target=\"_blank\"><strong>Natal ortodoxo<\/strong><\/a>, nesta quarta-feira (7). A declara\u00e7\u00e3o ocorreu ap\u00f3s uma missa \u00e0 meia-noite realizada na Igreja de S\u00e3o Jorge, o Vitorioso, na regi\u00e3o de Moscou, com a presen\u00e7a de militares russos e seus familiares. As informa\u00e7\u00f5es s\u00e3o do <a href=\"https:\/\/www.themoscowtimes.com\/2026\/01\/07\/putin-casts-ukraine-war-as-sacred-mission-in-orthodox-christmas-remarks-a91621\" rel=\"nofollow noopener\" target=\"_blank\"><strong>The Moscow Times<\/strong><\/a>.<\/p>\n<p>De acordo com o Kremlin, Putin afirmou que os soldados russos cumprem um papel compar\u00e1vel ao de Jesus Cristo, ao defender a P\u00e1tria e proteger o povo russo. \u201cCostumamos chamar o Senhor de Salvador porque Ele veio \u00e0 Terra para salvar todas as pessoas. Da mesma forma, os guerreiros da R\u00fassia sempre cumpriram essa miss\u00e3o\u201d, disse o presidente, segundo transcri\u00e7\u00e3o oficial.<\/p>\n<p><img data-lazyloaded=\"1\" fetchpriority=\"high\" decoding=\"async\" width=\"940\" height=\"530\" src=\"https:\/\/www.europesays.com\/pt\/wp-content\/uploads\/2026\/01\/Vladimir_Putin_celebrates_Christmas_with_orthodox_Christians_in_St_Petersburg_2019-01-07_1-e17678138.jpeg\" alt=\"\" class=\"wp-image-158045\"  data-\/>Putin na celebra\u00e7\u00e3o do Natal ortodoxo de 2019, em S\u00e3o Petersburgo (Foto: WikiCommons)<\/p>\n<p>Putin ressaltou que, ao longo da hist\u00f3ria da R\u00fassia, os militares sempre foram vistos como agentes de uma \u201cmiss\u00e3o sagrada\u201d em nome de Deus, como se tivessem sido incumbidos \u201cdiretamente pelo Senhor\u201d. O presidente tamb\u00e9m se dirigiu aos filhos de militares, afirmando que eles t\u00eam o direito de se orgulhar dos pais, destacando que o orgulho pelos soldados \u00e9 um sentimento constante na sociedade russa.<\/p>\n<p>O l\u00edder russo acrescentou que o esp\u00edrito do Natal \u00e9 compartilhado por todas as tropas do pa\u00eds, inclusive por militares de outras religi\u00f5es. Segundo ele, a celebra\u00e7\u00e3o dos feriados religiosos e as vit\u00f3rias militares s\u00e3o vividas de forma coletiva. \u201cComo \u00e9 sabido, a vit\u00f3ria \u00e9 sempre de todos\u201d, afirmou.<\/p>\n<p>Desde o in\u00edcio da invas\u00e3o em grande escala da Ucr\u00e2nia, em fevereiro de 2022, Putin tem intensificado o discurso de valoriza\u00e7\u00e3o das For\u00e7as Armadas e da unidade nacional. Em seu <a href=\"https:\/\/areferencia.com\/europa\/putin-usa-discurso-de-ano-novo-para-reforcar-apoio-a-guerra-na-ucrania-e-prometer-vitoria-em-2026\/\" rel=\"nofollow noopener\" target=\"_blank\"><strong>pronunciamento de Ano Novo<\/strong><\/a>, realizado na semana passada, ele afirmou que milh\u00f5es de russos apoiam os soldados envolvidos no que Moscou define como \u201copera\u00e7\u00e3o militar especial\u201d.<\/p>\n<p>Segundo estimativas de pa\u00edses ocidentais, a R\u00fassia sofreu centenas de milhares de baixas militares desde o in\u00edcio do conflito, enquanto a Ucr\u00e2nia perdeu dezenas de milhares de soldados. As perdas t\u00eam afetado de forma desproporcional povos ind\u00edgenas e regi\u00f5es \u00e9tnicas da Federa\u00e7\u00e3o Russa, que concentram parte significativa da mobiliza\u00e7\u00e3o militar.<\/p>\n<p>A <a href=\"https:\/\/areferencia.com\/?s=ONU+\" rel=\"nofollow noopener\" target=\"_blank\"><strong>ONU<\/strong><\/a> (Organiza\u00e7\u00e3o das Na\u00e7\u00f5es Unidas) estima que mais de 14 mil civis ucranianos morreram em quase quatro anos de guerra e acusam a R\u00fassia de cometer crimes contra a humanidade contra a popula\u00e7\u00e3o civil na Ucr\u00e2nia.<\/p>\n","protected":false},"excerpt":{"rendered":"O presidente da R\u00fassia, Vladimir Putin, classificou a guerra na Ucr\u00e2nia como uma \u201cmiss\u00e3o sagrada\u201d durante um discurso&hellip;\n","protected":false},"author":2,"featured_media":221580,"comment_status":"","ping_status":"","sticky":false,"template":"","format":"standard","meta":{"footnotes":""},"categories":[50],"tags":[27,28,3763,15,16,6293,4006,889,14,6164,25,26,21,22,62,42838,12,13,19,20,4007,23,24,3813,839,17,18,29,30,31,2415,63,64,65],"class_list":{"0":"post-221579","1":"post","2":"type-post","3":"status-publish","4":"format-standard","5":"has-post-thumbnail","7":"category-mundo","8":"tag-breaking-news","9":"tag-breakingnews","10":"tag-conflito-armado","11":"tag-featured-news","12":"tag-featurednews","13":"tag-forcas-armadas","14":"tag-geopolitica","15":"tag-guerra-na-ucrania","16":"tag-headlines","17":"tag-kremlin","18":"tag-latest-news","19":"tag-latestnews","20":"tag-main-news","21":"tag-mainnews","22":"tag-mundo","23":"tag-natal-ortodoxo","24":"tag-news","25":"tag-noticias","26":"tag-noticias-principais","27":"tag-noticiasprincipais","28":"tag-politica-internacional","29":"tag-principais-noticias","30":"tag-principaisnoticias","31":"tag-putin","32":"tag-russia","33":"tag-top-stories","34":"tag-topstories","35":"tag-ultimas","36":"tag-ultimas-noticias","37":"tag-ultimasnoticias","38":"tag-vladimir-putin","39":"tag-world","40":"tag-world-news","41":"tag-worldnews"},"share_on_mastodon":{"url":"","error":"Validation failed: Text character limit of 500 exceeded"},"_links":{"self":[{"href":"https:\/\/www.europesays.com\/pt\/wp-json\/wp\/v2\/posts\/221579","targetHints":{"allow":["GET"]}}],"collection":[{"href":"https:\/\/www.europesays.com\/pt\/wp-json\/wp\/v2\/posts"}],"about":[{"href":"https:\/\/www.europesays.com\/pt\/wp-json\/wp\/v2\/types\/post"}],"author":[{"embeddable":true,"href":"https:\/\/www.europesays.com\/pt\/wp-json\/wp\/v2\/users\/2"}],"replies":[{"embeddable":true,"href":"https:\/\/www.europesays.com\/pt\/wp-json\/wp\/v2\/comments?post=221579"}],"version-history":[{"count":0,"href":"https:\/\/www.europesays.com\/pt\/wp-json\/wp\/v2\/posts\/221579\/revisions"}],"wp:featuredmedia":[{"embeddable":true,"href":"https:\/\/www.europesays.com\/pt\/wp-json\/wp\/v2\/media\/221580"}],"wp:attachment":[{"href":"https:\/\/www.europesays.com\/pt\/wp-json\/wp\/v2\/media?parent=221579"}],"wp:term":[{"taxonomy":"category","embeddable":true,"href":"https:\/\/www.europesays.com\/pt\/wp-json\/wp\/v2\/categories?post=221579"},{"taxonomy":"post_tag","embeddable":true,"href":"https:\/\/www.europesays.com\/pt\/wp-json\/wp\/v2\/tags?post=221579"}],"curies":[{"name":"wp","href":"https:\/\/api.w.org\/{rel}","templated":true}]}}