{"id":221581,"date":"2026-01-09T03:35:13","date_gmt":"2026-01-09T03:35:13","guid":{"rendered":"https:\/\/www.europesays.com\/pt\/221581\/"},"modified":"2026-01-09T03:35:13","modified_gmt":"2026-01-09T03:35:13","slug":"e-redes-anuncia-novos-cortes-na-eletricidade-no-proximo-domingo-2","status":"publish","type":"post","link":"https:\/\/www.europesays.com\/pt\/221581\/","title":{"rendered":"E-Redes anuncia novos cortes na eletricidade no pr\u00f3ximo domingo"},"content":{"rendered":"<p class=\"category\"><a href=\"https:\/\/sicnoticias.pt\/pais\" rel=\"nofollow noopener\" target=\"_blank\">Pa\u00eds<\/a><\/p>\n<p>\u00c0 semelhan\u00e7a dos \u00faltimos meses, a E-Redes anuncia que haver\u00e1 cortes no fornecimento de energia em alguns locais do pa\u00eds ao domingo para &#8220;minimizar o impacto&#8221;. Desta vez, as freguesias afetadas pertencem a Lisboa e ao Algarve.<\/p>\n<p><img decoding=\"async\" src=\"https:\/\/www.europesays.com\/pt\/wp-content\/uploads\/2026\/01\/1767903616_253_original.webp\" alt=\"E-Redes anuncia novos cortes na eletricidade no pr\u00f3ximo domingo\"\/><\/p>\n<p>Filipa Traqueia \/ EyeEm<\/p>\n<p><strong>A E-Redes anuncia que vai haver cortes tempor\u00e1rios no fornecimento de energia no pr\u00f3ximo domingo de manh\u00e3, dia 11 de janeiro, devido a trabalhos de manuten\u00e7\u00e3o e refor\u00e7o de qualidade da rede el\u00e9trica.<\/strong><\/p>\n<p>Se vive nas freguesias de S\u00e3o Domingos de Rana e Uni\u00e3o Das Freguesias de Moscavide e Portela, em Lisboa, ou nas freguesias de Quarteira e Uni\u00e3o das freguesias de Tavira, no distrito de Faro, pode ficar temporariamente sem eletricidade no pr\u00f3ximo domingo de manh\u00e3.<\/p>\n<p>Em <a href=\"https:\/\/www.e-redes.pt\/pt-pt\/noticias\/2026\/01\/07\/trabalhos-programados-de-manutencao-e-reforco-da-qualidade-da-rede-de\" target=\"_blank\" rel=\"noopener noreferrer nofollow\">comunicado<\/a>, a E-Redes explica que os trabalhos s\u00e3o &#8220;programados&#8221; para os domingos para &#8220;minimizar o impacto&#8221;.<\/p>\n<p>Regi\u00e3o de Lisboa<\/p>\n<p><strong>Freguesia de S\u00e3o Domingos de Rana <\/strong>&#8211; entre as 05:00 e as 11:00<\/p>\n<p><strong>Freguesia Uni\u00e3o Das Freguesias de Moscavide e Portela<\/strong> &#8211; entre as 06:00 e as 11:00<\/p>\n<p>Avenida Dos Descobrimentos<\/p>\n<p>Rua Pedro \u00c1lvares Cabral<\/p>\n<p>Regi\u00e3o do Algarve<\/p>\n<p><strong>Freguesia de Quarteira<\/strong> &#8211; entre as 07:00 e as 11:00<\/p>\n<p><strong>Freguesia Uni\u00e3o das freguesias de Tavira <\/strong>&#8211; entre as 07:00 e as 11:00<\/p>\n<p>Urbaniza\u00e7\u00e3o da Nora Velha<\/p>\n<p>Durante as interven\u00e7\u00f5es, ao abrigo do artigo 72.\u00ba e 75.\u00ba do Regulamento de Rela\u00e7\u00f5es Comerciais do Setor El\u00e9trico e G\u00e1s, s\u00e3o efetuadas &#8220;<strong>manobras, liga\u00e7\u00f5es, repara\u00e7\u00f5es ou trabalhos de conserva\u00e7\u00e3o das infraestruturas<\/strong>, sempre de forma planeada e controlada&#8221;, explica a <a href=\"https:\/\/www.e-redes.pt\/pt-pt\/o-que-fazemos\/qualidade-de-servico\/consulte-interrupcoes-agendadas\" target=\"_blank\" rel=\"noopener noreferrer nofollow\">E-Redes<\/a>.<\/p>\n","protected":false},"excerpt":{"rendered":"Pa\u00eds \u00c0 semelhan\u00e7a dos \u00faltimos meses, a E-Redes anuncia que haver\u00e1 cortes no fornecimento de energia em alguns&hellip;\n","protected":false},"author":2,"featured_media":221087,"comment_status":"","ping_status":"","sticky":false,"template":"","format":"standard","meta":{"footnotes":""},"categories":[10],"tags":[27,28,15,16,14,25,26,21,22,12,13,19,20,32,23,24,33,17,18,29,30,31],"class_list":{"0":"post-221581","1":"post","2":"type-post","3":"status-publish","4":"format-standard","5":"has-post-thumbnail","7":"category-portugal","8":"tag-breaking-news","9":"tag-breakingnews","10":"tag-featured-news","11":"tag-featurednews","12":"tag-headlines","13":"tag-latest-news","14":"tag-latestnews","15":"tag-main-news","16":"tag-mainnews","17":"tag-news","18":"tag-noticias","19":"tag-noticias-principais","20":"tag-noticiasprincipais","21":"tag-portugal","22":"tag-principais-noticias","23":"tag-principaisnoticias","24":"tag-pt","25":"tag-top-stories","26":"tag-topstories","27":"tag-ultimas","28":"tag-ultimas-noticias","29":"tag-ultimasnoticias"},"share_on_mastodon":{"url":"https:\/\/pubeurope.com\/@pt\/115863048884411106","error":""},"_links":{"self":[{"href":"https:\/\/www.europesays.com\/pt\/wp-json\/wp\/v2\/posts\/221581","targetHints":{"allow":["GET"]}}],"collection":[{"href":"https:\/\/www.europesays.com\/pt\/wp-json\/wp\/v2\/posts"}],"about":[{"href":"https:\/\/www.europesays.com\/pt\/wp-json\/wp\/v2\/types\/post"}],"author":[{"embeddable":true,"href":"https:\/\/www.europesays.com\/pt\/wp-json\/wp\/v2\/users\/2"}],"replies":[{"embeddable":true,"href":"https:\/\/www.europesays.com\/pt\/wp-json\/wp\/v2\/comments?post=221581"}],"version-history":[{"count":0,"href":"https:\/\/www.europesays.com\/pt\/wp-json\/wp\/v2\/posts\/221581\/revisions"}],"wp:featuredmedia":[{"embeddable":true,"href":"https:\/\/www.europesays.com\/pt\/wp-json\/wp\/v2\/media\/221087"}],"wp:attachment":[{"href":"https:\/\/www.europesays.com\/pt\/wp-json\/wp\/v2\/media?parent=221581"}],"wp:term":[{"taxonomy":"category","embeddable":true,"href":"https:\/\/www.europesays.com\/pt\/wp-json\/wp\/v2\/categories?post=221581"},{"taxonomy":"post_tag","embeddable":true,"href":"https:\/\/www.europesays.com\/pt\/wp-json\/wp\/v2\/tags?post=221581"}],"curies":[{"name":"wp","href":"https:\/\/api.w.org\/{rel}","templated":true}]}}