{"id":221614,"date":"2026-01-09T04:17:08","date_gmt":"2026-01-09T04:17:08","guid":{"rendered":"https:\/\/www.europesays.com\/pt\/221614\/"},"modified":"2026-01-09T04:17:08","modified_gmt":"2026-01-09T04:17:08","slug":"onda-solidaria-para-familia-da-trofa-a-quem-o-fogo-roubou-tudo","status":"publish","type":"post","link":"https:\/\/www.europesays.com\/pt\/221614\/","title":{"rendered":"Onda solid\u00e1ria para fam\u00edlia da Trofa a quem o fogo roubou tudo"},"content":{"rendered":"<p data-remotead-prev-elm=\"true\" data-remotead-elm-id=\"inread\">Ricardo Silva jamais imaginou a enorme onda de solidariedade que se levantaria na Trofa, quando desafiou os membros do Futebol Clube de S. Rom\u00e3o, a que preside, a ajudar a fam\u00edlia do massagista da equipa, Carlos Teixeira, cuja vida o fogo levou na ter\u00e7a-feira, juntamente com a casa onde morava com os pais, irm\u00e3o, cunhada e sobrinho, um menino de cinco anos.<\/p>\n<p>&#8220;Fiz um apelo no clube, mas publicaram no Facebook e isto tomou propor\u00e7\u00f5es gigantescas. N\u00e3o estava \u00e0 espera&#8221;, confessa, ao JN, o l\u00edder da associa\u00e7\u00e3o em que Carlos Teixeira, de 44 anos e conhecido como &#8220;Primo&#8221;, colaborava. &#8220;Temos gente de Leiria a querer ajudar com dinheiro&#8221;, admira-se Ricardo Silva, adiantando que &#8220;j\u00e1 est\u00e3o asseguradas roupas e comida&#8221;. Amigos da fam\u00edlia pedem brinquedos para a crian\u00e7a, que &#8220;gosta de animais e da Patrulha Pata&#8221;.<\/p>\n<p>&#8220;J\u00e1 conseguimos muitas coisas para a fam\u00edlia, e agora estamos em stand-by em rela\u00e7\u00e3o \u00e0 casa&#8221;, aponta o dirigente do F. C. S. Rom\u00e3o&#8221;, referindo que &#8220;\u00e9 necess\u00e1rio perceber quais v\u00e3o ser as necessidades&#8221; numa futura nova morada.<\/p>\n<p>Trabalham no campo<\/p>\n<p data-remotead-prev-elm=\"true\" data-remotead-elm-id=\"centro1\">Com a habita\u00e7\u00e3o, uma casa de lavoura antiga no Muro, devorada pelas chamas at\u00e9 ruir, a fam\u00edlia perdeu tudo e foi acolhida temporariamente por parentes.<\/p>\n<p>Contudo, &#8220;a C\u00e2mara da Trofa est\u00e1 a acompanhar a fam\u00edlia no sentido de encontrar uma solu\u00e7\u00e3o, at\u00e9 porque a casa [que ardeu] n\u00e3o \u00e9 propriedade deles&#8221;, como refere, ao JN, o presidente da autarquia.<\/p>\n<p>&#8220;Falei com o presidente da junta e j\u00e1 estamos no terreno, \u00e0 procura de solu\u00e7\u00f5es para p\u00f4r \u00e0 disposi\u00e7\u00e3o da fam\u00edlia&#8221;, revela S\u00e9rgio Ara\u00fajo. Uma delas &#8220;passa por procurar habita\u00e7\u00e3o na pr\u00f3pria freguesia, perto ou relativamente perto&#8221; do local onde moravam, sendo que a c\u00e2mara &#8220;estar\u00e1 dispon\u00edvel para assegurar o apoio ao arrendamento&#8221;.<\/p>\n<p data-remotead-prev-elm=\"true\" data-remotead-elm-id=\"centro2\">Por\u00e9m, sublinha o autarca, &#8220;\u00e9 preciso, acima de tudo, perceber qual \u00e9 a vontade deles&#8221;, uma vez que &#8220;s\u00e3o pessoas que vivem do trabalho di\u00e1rio no campo&#8221;, o que os pais de Carlos, muitas vezes ajudados por ele, faziam nos terrenos adjacentes \u00e0 casa.<\/p>\n<p>&#8220;\u00c9 uma situa\u00e7\u00e3o muito complexa e, neste momento, o importante \u00e9 respeitarmos o luto, at\u00e9 porque ainda n\u00e3o houve funeral&#8221;, lembra o autarca.<\/p>\n","protected":false},"excerpt":{"rendered":"Ricardo Silva jamais imaginou a enorme onda de solidariedade que se levantaria na Trofa, quando desafiou os membros&hellip;\n","protected":false},"author":2,"featured_media":221615,"comment_status":"","ping_status":"","sticky":false,"template":"","format":"standard","meta":{"footnotes":""},"categories":[10],"tags":[27,28,21351,15,16,14,625,25,26,21,22,12,13,19,20,32,23,24,33,6543,17,18,29,30,31],"class_list":{"0":"post-221614","1":"post","2":"type-post","3":"status-publish","4":"format-standard","5":"has-post-thumbnail","7":"category-portugal","8":"tag-breaking-news","9":"tag-breakingnews","10":"tag-concelho-trofa","11":"tag-featured-news","12":"tag-featurednews","13":"tag-headlines","14":"tag-incendio","15":"tag-latest-news","16":"tag-latestnews","17":"tag-main-news","18":"tag-mainnews","19":"tag-news","20":"tag-noticias","21":"tag-noticias-principais","22":"tag-noticiasprincipais","23":"tag-portugal","24":"tag-principais-noticias","25":"tag-principaisnoticias","26":"tag-pt","27":"tag-solidariedade","28":"tag-top-stories","29":"tag-topstories","30":"tag-ultimas","31":"tag-ultimas-noticias","32":"tag-ultimasnoticias"},"share_on_mastodon":{"url":"https:\/\/pubeurope.com\/@pt\/115863213981722367","error":""},"_links":{"self":[{"href":"https:\/\/www.europesays.com\/pt\/wp-json\/wp\/v2\/posts\/221614","targetHints":{"allow":["GET"]}}],"collection":[{"href":"https:\/\/www.europesays.com\/pt\/wp-json\/wp\/v2\/posts"}],"about":[{"href":"https:\/\/www.europesays.com\/pt\/wp-json\/wp\/v2\/types\/post"}],"author":[{"embeddable":true,"href":"https:\/\/www.europesays.com\/pt\/wp-json\/wp\/v2\/users\/2"}],"replies":[{"embeddable":true,"href":"https:\/\/www.europesays.com\/pt\/wp-json\/wp\/v2\/comments?post=221614"}],"version-history":[{"count":0,"href":"https:\/\/www.europesays.com\/pt\/wp-json\/wp\/v2\/posts\/221614\/revisions"}],"wp:featuredmedia":[{"embeddable":true,"href":"https:\/\/www.europesays.com\/pt\/wp-json\/wp\/v2\/media\/221615"}],"wp:attachment":[{"href":"https:\/\/www.europesays.com\/pt\/wp-json\/wp\/v2\/media?parent=221614"}],"wp:term":[{"taxonomy":"category","embeddable":true,"href":"https:\/\/www.europesays.com\/pt\/wp-json\/wp\/v2\/categories?post=221614"},{"taxonomy":"post_tag","embeddable":true,"href":"https:\/\/www.europesays.com\/pt\/wp-json\/wp\/v2\/tags?post=221614"}],"curies":[{"name":"wp","href":"https:\/\/api.w.org\/{rel}","templated":true}]}}