{"id":221630,"date":"2026-01-09T04:34:17","date_gmt":"2026-01-09T04:34:17","guid":{"rendered":"https:\/\/www.europesays.com\/pt\/221630\/"},"modified":"2026-01-09T04:34:17","modified_gmt":"2026-01-09T04:34:17","slug":"escultura-muda-temporariamente-de-lugar-devido-a-obras-no-teleferico-funchal-noticias-noticias-da-madeira-informacao-de-todos-para-todos","status":"publish","type":"post","link":"https:\/\/www.europesays.com\/pt\/221630\/","title":{"rendered":"Escultura muda temporariamente de lugar devido a obras no telef\u00e9rico | Funchal Not\u00edcias | Not\u00edcias da Madeira &#8211; Informa\u00e7\u00e3o de todos para todos!"},"content":{"rendered":"<p><a href=\"https:\/\/i0.wp.com\/funchalnoticias.net\/wp-content\/uploads\/2026\/01\/escultura.jpg?ssl=1\" rel=\"nofollow noopener\" target=\"_blank\"><img loading=\"lazy\" data-recalc-dims=\"1\" decoding=\"async\" data-attachment-id=\"547572\" data-permalink=\"https:\/\/funchalnoticias.net\/2026\/01\/07\/escultura-muda-temporariamente-de-lugar-devido-a-obras-no-teleferico\/escultura-5\/\" data-orig-file=\"https:\/\/i0.wp.com\/funchalnoticias.net\/wp-content\/uploads\/2026\/01\/escultura.jpg?fit=2048%2C1536&amp;ssl=1\" data-orig-size=\"2048,1536\" data-comments-opened=\"0\" data-image-meta=\"{&quot;aperture&quot;:&quot;0&quot;,&quot;credit&quot;:&quot;&quot;,&quot;camera&quot;:&quot;&quot;,&quot;caption&quot;:&quot;&quot;,&quot;created_timestamp&quot;:&quot;0&quot;,&quot;copyright&quot;:&quot;&quot;,&quot;focal_length&quot;:&quot;0&quot;,&quot;iso&quot;:&quot;0&quot;,&quot;shutter_speed&quot;:&quot;0&quot;,&quot;title&quot;:&quot;&quot;,&quot;orientation&quot;:&quot;0&quot;}\" data-image-title=\"escultura\" data-image-description=\"\" data-image-caption=\"\" data-medium-file=\"https:\/\/i0.wp.com\/funchalnoticias.net\/wp-content\/uploads\/2026\/01\/escultura.jpg?fit=750%2C563&amp;ssl=1\" data-large-file=\"https:\/\/i0.wp.com\/funchalnoticias.net\/wp-content\/uploads\/2026\/01\/escultura.jpg?fit=723%2C542&amp;ssl=1\" class=\"alignnone size-full wp-image-547572\" src=\"https:\/\/www.europesays.com\/pt\/wp-content\/uploads\/2026\/01\/escultura.jpg\" alt=\"\" width=\"723\" height=\"542\"  \/><\/a><\/p>\n<p>A C\u00e2mara Municipal veio dar conta de que, no \u00e2mbito das obras de manuten\u00e7\u00e3o em curso no Telef\u00e9rico da Madeira, localizado na zona da Almirante Reis, foi necess\u00e1rio proceder \u00e0 desloca\u00e7\u00e3o tempor\u00e1ria da escultura \u201cDoce Loucura\u201d, da autoria do escultor Jos\u00e9 Fernandes.<\/p>\n<p>A referida escultura mant\u00e9m-se integrada no mesmo espa\u00e7o verde, os Jardins da Almirante Reis, tendo sido apenas transferida para o canteiro adjacente ao local onde anteriormente se encontrava instalada, explica a C\u00e2mara do Funchal.<\/p>\n<p>Esta interven\u00e7\u00e3o visou salvaguardar a integridade da obra e permitir a normal execu\u00e7\u00e3o dos trabalhos de manuten\u00e7\u00e3o.<\/p>\n<p>A escultura permanecer\u00e1 neste novo canteiro de forma tempor\u00e1ria, sendo reposta no seu local original logo que as obras do telef\u00e9rico estejam conclu\u00eddas e estejam reunidas todas as condi\u00e7\u00f5es de seguran\u00e7a, refere uma nota informativa.<\/p>\n<p>Entretanto, e a prop\u00f3sito deste assunto, o Funchal Not\u00edcias recebeu aindaa informa\u00e7\u00e3o de que o Telef\u00e9rico do Funchal estar\u00e1 encerrado para manuten\u00e7\u00e3o entre Janeiro e Abril de 2026. Mas, para assegurar que os visitantes do Monte Palace Madeira continuam a ter um acesso facilitado e confort\u00e1vel, foi implementado um servi\u00e7o de shuttle directo entre o Funchal e o Jardim.<\/p>\n<p>No entanto, os bilhetes de shuttle s\u00e3o exclusivamente para visitantes do Monte Palace Madeira. N\u00e3o ser\u00e1 poss\u00edvel adquirir bilhetes apenas de subida ou descida para o Monte.<\/p>\n<p>Este servi\u00e7o destina-se unicamente a quem pretende visitar o jardim Monte Palace.<\/p>\n<p>\u00a0<\/p>\n<p>Curtir isso:<\/p>\n<p>Curtir Carregando&#8230;<\/p>\n<p><a class=\"sd-link-color\"\/><\/p>\n<p>\n\tRelacionado\n<\/p>\n<p>\tDescubra mais sobre Funchal Not\u00edcias<\/p>\n<p class=\"has-text-align-center\" style=\"margin-top:10px;margin-bottom:10px;font-size:15px\">Assine para receber nossas not\u00edcias mais recentes por e-mail.<\/p>\n","protected":false},"excerpt":{"rendered":"A C\u00e2mara Municipal veio dar conta de que, no \u00e2mbito das obras de manuten\u00e7\u00e3o em curso no Telef\u00e9rico&hellip;\n","protected":false},"author":2,"featured_media":221631,"comment_status":"","ping_status":"","sticky":false,"template":"","format":"standard","meta":{"footnotes":""},"categories":[144],"tags":[207,205,206,203,201,202,204,114,115,32,33],"class_list":{"0":"post-221630","1":"post","2":"type-post","3":"status-publish","4":"format-standard","5":"has-post-thumbnail","7":"category-arte-e-design","8":"tag-arte","9":"tag-arte-e-design","10":"tag-artedesign","11":"tag-arts","12":"tag-arts-and-design","13":"tag-artsanddesign","14":"tag-design","15":"tag-entertainment","16":"tag-entretenimento","17":"tag-portugal","18":"tag-pt"},"share_on_mastodon":{"url":"https:\/\/pubeurope.com\/@pt\/115863280899655815","error":""},"_links":{"self":[{"href":"https:\/\/www.europesays.com\/pt\/wp-json\/wp\/v2\/posts\/221630","targetHints":{"allow":["GET"]}}],"collection":[{"href":"https:\/\/www.europesays.com\/pt\/wp-json\/wp\/v2\/posts"}],"about":[{"href":"https:\/\/www.europesays.com\/pt\/wp-json\/wp\/v2\/types\/post"}],"author":[{"embeddable":true,"href":"https:\/\/www.europesays.com\/pt\/wp-json\/wp\/v2\/users\/2"}],"replies":[{"embeddable":true,"href":"https:\/\/www.europesays.com\/pt\/wp-json\/wp\/v2\/comments?post=221630"}],"version-history":[{"count":0,"href":"https:\/\/www.europesays.com\/pt\/wp-json\/wp\/v2\/posts\/221630\/revisions"}],"wp:featuredmedia":[{"embeddable":true,"href":"https:\/\/www.europesays.com\/pt\/wp-json\/wp\/v2\/media\/221631"}],"wp:attachment":[{"href":"https:\/\/www.europesays.com\/pt\/wp-json\/wp\/v2\/media?parent=221630"}],"wp:term":[{"taxonomy":"category","embeddable":true,"href":"https:\/\/www.europesays.com\/pt\/wp-json\/wp\/v2\/categories?post=221630"},{"taxonomy":"post_tag","embeddable":true,"href":"https:\/\/www.europesays.com\/pt\/wp-json\/wp\/v2\/tags?post=221630"}],"curies":[{"name":"wp","href":"https:\/\/api.w.org\/{rel}","templated":true}]}}