{"id":221642,"date":"2026-01-09T04:52:10","date_gmt":"2026-01-09T04:52:10","guid":{"rendered":"https:\/\/www.europesays.com\/pt\/221642\/"},"modified":"2026-01-09T04:52:10","modified_gmt":"2026-01-09T04:52:10","slug":"tornou-se-um-dos-seus-maiores-classicos","status":"publish","type":"post","link":"https:\/\/www.europesays.com\/pt\/221642\/","title":{"rendered":"tornou-se um dos seus maiores cl\u00e1ssicos"},"content":{"rendered":"<p>\n                        O est\u00fadio de Walt Disney cortou cenas e mudou a idade da protagonista para adaptar um conto perturbador em um cl\u00e1ssico familiar.\n                    <\/p>\n<p>\n                                    9 jan<br \/>\n                                    2026<br \/>\n                                     &#8211; 23h42\n                                <\/p>\n<p>\n                                                                                                                        (atualizado em 9\/1\/2026 \u00e0s 00h01)\n                                                                            <\/p>\n<p><img loading=\"lazy\" decoding=\"async\" alt=\"Este filme da Disney tem uma origem t\u00e3o macabra que o est\u00fadio teve que mud\u00e1-la: tornou-se um dos seus maiores cl\u00e1ssicos.\" class=\"img-271c3c502652edc07a52dccd566a2cc1hqmge070\" height=\"455\" src=\"https:\/\/www.europesays.com\/pt\/wp-content\/uploads\/2026\/01\/1465561102-56a7a0cc45d1a259-1400x823-2.png\"  title=\"Este filme da Disney tem uma origem t\u00e3o macabra que o est\u00fadio teve que mud\u00e1-la: tornou-se um dos seus maiores cl\u00e1ssicos.\" width=\"774\"\/><\/p>\n<p>Este filme da Disney tem uma origem t\u00e3o macabra que o est\u00fadio teve que mud\u00e1-la: tornou-se um dos seus maiores cl\u00e1ssicos.<\/p>\n<p>Foto: Divulga\u00e7\u00e3o, Disney \/ Purepeople<\/p>\n<p class=\"text\"><a href=\"https:\/\/www.purepeople.com.br\/noticia\/vestido-de-noiva-princesa-look-de-dani-calabresa-em-casamento-e-inspirado-na-disney-detalhes_a365717\/1\" rel=\"nofollow noopener\" target=\"_blank\">A Disney conseguiu transformar muitos contos de fadas<\/a> em<a href=\"https:\/\/www.purepeople.com.br\/noticia\/giovanna-ewbank-e-titi-emocionam-ao-surgirem-aos-prantos-apos-exibicao-de-a-pequena-sereia_a379192\/1\" rel=\"nofollow noopener\" target=\"_blank\"> cl\u00e1ssicos do cinema. <\/a>No entanto, o est\u00fadio precisou &#8220;passar a tesoura&#8221; ao adaptar algumas dessas hist\u00f3rias, j\u00e1 que v\u00e1rias delas <a href=\"https:\/\/www.purepeople.com.br\/noticia\/caso-p-diddy-x-south-park-festas-polemicas-do-rapper-preso-estao-em-episodio-de-desenho-animado-entenda-teoria-sobre-previsao_a397489\/1\" rel=\"nofollow noopener\" target=\"_blank\">t\u00eam origens bastante macabras!<\/a><\/p>\n<p class=\"text\">\u00c9 o caso de um dos filmes que <a href=\"https:\/\/www.purepeople.com.br\/noticia\/gal-gadot-mulher-maravilha-rainha-ma-no-polemico-filme-branca-de-neve-famosa-revela-medo-em-grave-emergencia-de-saude-ouvir-ou-ver-nada_a404772\/1\" rel=\"nofollow noopener\" target=\"_blank\">se tornou um dos maiores cl\u00e1ssicos da casa do Mickey Mouse<\/a>: <strong>&#8220;Branca de Neve e os Sete An\u00f5es&#8221;<\/strong> (1937). O conto original \u00e9 obra dos irm\u00e3os <strong>Jacob e Wilhelm Grimm<\/strong> e traz elementos como canibalismo, um desfecho repleto de viol\u00eancia e uma protagonista com apenas sete anos de idade.<\/p>\n<p>\n  A hist\u00f3ria encantada de &#8216;Branca de Neve&#8217;\n<\/p>\n<p class=\"text\">Se voc\u00ea se lembra da vers\u00e3o da Disney, a Rainha M\u00e1 manda um ca\u00e7ador assassinar sua enteada, Branca de Neve, por ela ser mais bonita do que a pr\u00f3pria rainha. O homem encarregado do crime n\u00e3o consegue cumprir a miss\u00e3o e a jovem &#8211; j\u00e1 uma adolescente no filme dirigido por <strong>David Hand<\/strong> &#8211; encontra ref\u00fagio em uma casa no meio da floresta, habitada por sete an\u00f5es.\u00a0<\/p>\n<p class=\"text\">Ao descobrir que Branca de Neve continua viva e onde est\u00e1 escondida, a Rainha M\u00e1 se disfar\u00e7a de idosa e lhe oferece uma ma\u00e7\u00e3 envenenada. A jovem morde a fruta e cai em um sono profundo, at\u00e9 que um pr\u00edncipe chega e a desperta com um beijo.<\/p>\n<p>\n  A vers\u00e3o mais macabra de &#8216;Branca de Neve&#8217;\n<\/p>\n<p class=\"text\">A hist\u00f3ria original tem muitos pontos em comum com o filme de anima\u00e7\u00e3o, mas a Disney eliminou os elementos mais sombrios. Na vers\u00e3o dos irm\u00e3os Grimm, a Rainha M\u00e1 ordena ao ca\u00e7ador que, ao matar Branca de Neve, retire seus pulm\u00f5es e seu f\u00edgado como prova de que ela realmente morreu! No entanto, o ca\u00e7ador&#8230;<\/p>\n<p class=\"text\"><a href=\"https:\/\/www.purepeople.com.br\/noticia\/para-assistir-no-disney-filme-da-disney-de-origem-macabra-branca-de-neve-teve-historia-mudada-e-hoje-e-um-dos-maiores-classicos_a415389\/1\" rel=\"nofollow noopener\" target=\"_blank\">Veja mais<\/a><\/p>\n<p class=\"text\"><b>Mat\u00e9rias relacionadas<\/b><\/p>\n<p class=\"text\"><a href=\"https:\/\/www.purepeople.com.br\/noticia\/150-milhoes-de-prejuizo-e-uma-franquia-de-6-filmes-jogada-no-lixo-este-filme-foi-um-fracasso-e-colossal-e-um-grande-desastre_a413912\/1\" rel=\"nofollow noopener\" target=\"_blank\">150 milh\u00f5es de preju\u00edzo e uma franquia de seis filmes jogada no lixo: o fracasso deste filme marca um dos maiores desastres de todos os tempos<\/a><\/p>\n<p class=\"text\"><a href=\"https:\/\/www.purepeople.com.br\/noticia\/ex-marido-de-gisele-bundchen-tom-brady-quase-foi-a-morte-com-dieta-violenta-ex-atleta-fez-mudanca-radical-com-alimentacao-saudavel_a410033\/1\" rel=\"nofollow noopener\" target=\"_blank\">H\u00e1 6 anos, Tom Brady arriscou a pr\u00f3pria vida com dieta t\u00e3o restritiva; saiba como ele evitou a morte e o que mudou em sua alimenta\u00e7\u00e3o de l\u00e1 para c\u00e1<\/a><\/p>\n<p class=\"text\"><a href=\"https:\/\/www.purepeople.com.br\/noticia\/william-bonner-antes-e-depois-ha-29-anos-no-jornal-nacional-jornalista-se-tornou-um-dos-maiores-galas-da-tv-e-10-fotos-vao-te-surpreender_a411063\/1\" rel=\"nofollow noopener\" target=\"_blank\">10 fotos de William Bonner na juventude comprovam: h\u00e1 29 anos no &#8216;Jornal Nacional&#8217;, jornalista se tornou um dos maiores gal\u00e3s da TV<\/a><\/p>\n<p class=\"text\"><a href=\"https:\/\/www.purepeople.com.br\/noticia\/quais-sao-os-ex-atores-da-disney-mais-ricos-nem-miley-cyrus-nem-vanessa-hudgnes-voce-vai-se-surpreender-ao-descobrir-quem-tem-a-maior-fortuna_a414486\/1\" rel=\"nofollow noopener\" target=\"_blank\">Quais s\u00e3o os ex-atores da Disney mais ricos? Nem Miley Cyrus, nem Vanessa Hudgnes, voc\u00ea vai se surpreender ao descobrir quem tem a maior fortuna<\/a><\/p>\n<p class=\"text\"><a href=\"https:\/\/www.purepeople.com.br\/noticia\/quem-foi-o-namorado-de-ana-paula-arosio-que-se-suicidou-tragedia-com-atriz-da-novela-terra-nostra-repercutiu-em-1996_a411017\/1\" rel=\"nofollow noopener\" target=\"_blank\">&#8216;Estava em estado de choque e n\u00e3o dizia nada&#8217;: em 1996, a maior trag\u00e9dia na vida de Ana Paula Ar\u00f3sio mudou para sempre o destino da atriz de &#8216;Terra Nostra&#8217;<\/a><\/p>\n","protected":false},"excerpt":{"rendered":"O est\u00fadio de Walt Disney cortou cenas e mudou a idade da protagonista para adaptar um conto perturbador&hellip;\n","protected":false},"author":2,"featured_media":221643,"comment_status":"","ping_status":"","sticky":false,"template":"","format":"standard","meta":{"footnotes":""},"categories":[140],"tags":[114,115,147,148,146,32,33],"class_list":{"0":"post-221642","1":"post","2":"type-post","3":"status-publish","4":"format-standard","5":"has-post-thumbnail","7":"category-filmes","8":"tag-entertainment","9":"tag-entretenimento","10":"tag-film","11":"tag-filmes","12":"tag-movies","13":"tag-portugal","14":"tag-pt"},"share_on_mastodon":{"url":"https:\/\/pubeurope.com\/@pt\/115863351736431793","error":""},"_links":{"self":[{"href":"https:\/\/www.europesays.com\/pt\/wp-json\/wp\/v2\/posts\/221642","targetHints":{"allow":["GET"]}}],"collection":[{"href":"https:\/\/www.europesays.com\/pt\/wp-json\/wp\/v2\/posts"}],"about":[{"href":"https:\/\/www.europesays.com\/pt\/wp-json\/wp\/v2\/types\/post"}],"author":[{"embeddable":true,"href":"https:\/\/www.europesays.com\/pt\/wp-json\/wp\/v2\/users\/2"}],"replies":[{"embeddable":true,"href":"https:\/\/www.europesays.com\/pt\/wp-json\/wp\/v2\/comments?post=221642"}],"version-history":[{"count":0,"href":"https:\/\/www.europesays.com\/pt\/wp-json\/wp\/v2\/posts\/221642\/revisions"}],"wp:featuredmedia":[{"embeddable":true,"href":"https:\/\/www.europesays.com\/pt\/wp-json\/wp\/v2\/media\/221643"}],"wp:attachment":[{"href":"https:\/\/www.europesays.com\/pt\/wp-json\/wp\/v2\/media?parent=221642"}],"wp:term":[{"taxonomy":"category","embeddable":true,"href":"https:\/\/www.europesays.com\/pt\/wp-json\/wp\/v2\/categories?post=221642"},{"taxonomy":"post_tag","embeddable":true,"href":"https:\/\/www.europesays.com\/pt\/wp-json\/wp\/v2\/tags?post=221642"}],"curies":[{"name":"wp","href":"https:\/\/api.w.org\/{rel}","templated":true}]}}