{"id":221648,"date":"2026-01-09T04:59:15","date_gmt":"2026-01-09T04:59:15","guid":{"rendered":"https:\/\/www.europesays.com\/pt\/221648\/"},"modified":"2026-01-09T04:59:15","modified_gmt":"2026-01-09T04:59:15","slug":"fingiu-roubo-de-camara-na-passagem-de-ano-em-lisboa-para-poder-acionar-o-seguro","status":"publish","type":"post","link":"https:\/\/www.europesays.com\/pt\/221648\/","title":{"rendered":"Fingiu roubo de c\u00e2mara na passagem de ano em Lisboa para poder acionar o seguro"},"content":{"rendered":"<p data-remotead-prev-elm=\"true\" data-remotead-elm-id=\"inread\">O caso come\u00e7ou quando o jovem se apresentou numa esquadra da PSP afirmando que, enquanto filmava o fogo de artif\u00edcio, teria sido empurrado por um indiv\u00edduo desconhecido, ca\u00eddo ao ch\u00e3o e, nesse momento, ficado sem a c\u00e2mara de filmar, que alegadamente lhe teria sido roubada.<\/p>\n<p>No entanto, durante a investiga\u00e7\u00e3o, os agentes detetaram v\u00e1rias incongru\u00eancias no relato. Confrontado com os factos, o jovem acabou por admitir que n\u00e3o tinha sido v\u00edtima de qualquer roubo, confessando que, na realidade, tinha perdido a c\u00e2mara e decidiu apresentar uma queixa para poder acionar o seguro e ser ressarcido.<\/p>\n<p>Perante as declara\u00e7\u00f5es, o suspeito foi detido no dia 2 de janeiro por simula\u00e7\u00e3o de crime. Posteriormente, foi libertado e notificado para comparecer no tribunal judicial competente, onde ser\u00e1 ouvido em primeiro interrogat\u00f3rio judicial.<\/p>\n","protected":false},"excerpt":{"rendered":"O caso come\u00e7ou quando o jovem se apresentou numa esquadra da PSP afirmando que, enquanto filmava o fogo&hellip;\n","protected":false},"author":2,"featured_media":193273,"comment_status":"","ping_status":"","sticky":false,"template":"","format":"standard","meta":{"footnotes":""},"categories":[10],"tags":[27,28,15,16,14,603,25,26,21,22,12,13,19,20,32,23,24,42851,33,17,18,29,30,31],"class_list":{"0":"post-221648","1":"post","2":"type-post","3":"status-publish","4":"format-standard","5":"has-post-thumbnail","7":"category-portugal","8":"tag-breaking-news","9":"tag-breakingnews","10":"tag-featured-news","11":"tag-featurednews","12":"tag-headlines","13":"tag-justica","14":"tag-latest-news","15":"tag-latestnews","16":"tag-main-news","17":"tag-mainnews","18":"tag-news","19":"tag-noticias","20":"tag-noticias-principais","21":"tag-noticiasprincipais","22":"tag-portugal","23":"tag-principais-noticias","24":"tag-principaisnoticias","25":"tag-psp-lisboa","26":"tag-pt","27":"tag-top-stories","28":"tag-topstories","29":"tag-ultimas","30":"tag-ultimas-noticias","31":"tag-ultimasnoticias"},"share_on_mastodon":{"url":"https:\/\/pubeurope.com\/@pt\/115863379091416875","error":""},"_links":{"self":[{"href":"https:\/\/www.europesays.com\/pt\/wp-json\/wp\/v2\/posts\/221648","targetHints":{"allow":["GET"]}}],"collection":[{"href":"https:\/\/www.europesays.com\/pt\/wp-json\/wp\/v2\/posts"}],"about":[{"href":"https:\/\/www.europesays.com\/pt\/wp-json\/wp\/v2\/types\/post"}],"author":[{"embeddable":true,"href":"https:\/\/www.europesays.com\/pt\/wp-json\/wp\/v2\/users\/2"}],"replies":[{"embeddable":true,"href":"https:\/\/www.europesays.com\/pt\/wp-json\/wp\/v2\/comments?post=221648"}],"version-history":[{"count":0,"href":"https:\/\/www.europesays.com\/pt\/wp-json\/wp\/v2\/posts\/221648\/revisions"}],"wp:featuredmedia":[{"embeddable":true,"href":"https:\/\/www.europesays.com\/pt\/wp-json\/wp\/v2\/media\/193273"}],"wp:attachment":[{"href":"https:\/\/www.europesays.com\/pt\/wp-json\/wp\/v2\/media?parent=221648"}],"wp:term":[{"taxonomy":"category","embeddable":true,"href":"https:\/\/www.europesays.com\/pt\/wp-json\/wp\/v2\/categories?post=221648"},{"taxonomy":"post_tag","embeddable":true,"href":"https:\/\/www.europesays.com\/pt\/wp-json\/wp\/v2\/tags?post=221648"}],"curies":[{"name":"wp","href":"https:\/\/api.w.org\/{rel}","templated":true}]}}