{"id":221651,"date":"2026-01-09T05:06:10","date_gmt":"2026-01-09T05:06:10","guid":{"rendered":"https:\/\/www.europesays.com\/pt\/221651\/"},"modified":"2026-01-09T05:06:10","modified_gmt":"2026-01-09T05:06:10","slug":"vaza-o-visual-da-sadie-sink-como-jean-grey","status":"publish","type":"post","link":"https:\/\/www.europesays.com\/pt\/221651\/","title":{"rendered":"Vaza o visual da Sadie Sink como Jean Grey"},"content":{"rendered":"<p><a href=\"https:\/\/legadodamarvel.com.br\/tag\/homem-aranha-um-novo-dia\" rel=\"nofollow noopener\" target=\"_blank\">Homem-Aranha 4: Um Novo Dia<\/a> \u00e9 m dos filmes mais aguardados de 2026, especialmente por todas informa\u00e7\u00f5es da <a href=\"https:\/\/legadodamarvel.com.br\/tag\/sadie-sink\" rel=\"nofollow noopener\" target=\"_blank\">Sadie Sink<\/a> como <strong>Jean Grey<\/strong>.<\/p>\n<p>\u00a0<\/p>\n<p>Sim, ap\u00f3s muitos rumores, as \u00faltimas not\u00edcias est\u00e3o dando como certo que a atriz Sadie Sink ir\u00e1 interpretar a mutante mais poderosa dos X-Men. Um \u00f3tima escolha.<\/p>\n<p>Ainda n\u00e3o sabemos ao certo por que sua introdu\u00e7\u00e3o no MCU se dar\u00e1 no novo filme do Homem-Aranha, mas agora acabamos de receber mais informa\u00e7\u00f5es.<\/p>\n<p>Homem-Aranha 4 ter\u00e1 visual quase fiel da Jean Grey!<\/p>\n<p>Agora, de acordo com a <a href=\"https:\/\/x.com\/MyTimeToShineH\" rel=\"nofollow\">MTTSH<\/a>, fonte de vazamentos da Marvel, o filme ir\u00e1 apresentar um visual quase fiel da personagem. H\u00e1 algumas reviravoltas.<\/p>\n<p>Segundo a fonte, a personagem usar\u00e1 um traje verde e amarelo, remetendo as cores de alguns dos trajes da Jean Grey nos quadrinhos, especialmente em sua fase como F\u00eanix.<\/p>\n<p>No entanto, o traje n\u00e3o ser\u00e1 como um uniforme de super-her\u00f3i, justo ao corpo e com o emblema dos X-Men. Ao inv\u00e9s disso, ser\u00e3o trajes quase civis, remetendo a Jean Grey apenas por conta de suas cores verdes e amarelas.<\/p>\n<p>Vale lembrar que chegou a vazar uma \u00fanica foto da personagem no set de grava\u00e7\u00f5es. Na foto em quest\u00e3o, no entanto, ela aparecia coberta para proteger o seu traje.<\/p>\n<p> <img loading=\"lazy\" decoding=\"async\" class=\"lazyload aligncenter size-full wp-image-164943\" viewbox=\"0 0 1126 1681\" src=\"https:\/\/www.europesays.com\/pt\/wp-content\/uploads\/2026\/01\/homem-aranha-4-primeira-foto-vazada-sadie-sink-legadodamarvel.webp.webp\" alt=\"homem-aranha 4 foto sadie sink\" width=\"1126\" height=\"1681\"  data-\/><\/p>\n<p>Ao que tudo indica, somente em <a href=\"https:\/\/legadodamarvel.com.br\/filme\/vingadores-guerras-secretas\" rel=\"nofollow noopener\" target=\"_blank\">Vingadores: Guerras Secretas<\/a> (2027) \u00e9 que a personagem deve usar um uniforme mais fiel. Sim, a atriz Sadie Sink j\u00e1 foi confirmada no filme.<\/p>\n<p>Ou seja, primeiramente, em Homem-Aranha, seremos introduzidos a Jean Grey, no seguinte a veremos em Guerras Secretas, e, por fim, em 2028 no novo filme dos X-Men. Sendo assim, at\u00e9 l\u00e1, a personagem j\u00e1 estar\u00e1 super estabelecida no MCU.<\/p>\n<p><strong>LEIA TAMB\u00c9M:<\/strong><\/p>\n<p>O que acharam? Deixe a sua opini\u00e3o nos coment\u00e1rios e, por fim, continue acompanhando o\u00a0<strong>Legado da Marvel\u00a0<\/strong>para n\u00e3o perder nenhuma novidade!<\/p>\n","protected":false},"excerpt":{"rendered":"Homem-Aranha 4: Um Novo Dia \u00e9 m dos filmes mais aguardados de 2026, especialmente por todas informa\u00e7\u00f5es da&hellip;\n","protected":false},"author":2,"featured_media":221652,"comment_status":"","ping_status":"","sticky":false,"template":"","format":"standard","meta":{"footnotes":""},"categories":[140],"tags":[114,115,147,148,10305,32310,146,32,33,10306],"class_list":{"0":"post-221651","1":"post","2":"type-post","3":"status-publish","4":"format-standard","5":"has-post-thumbnail","7":"category-filmes","8":"tag-entertainment","9":"tag-entretenimento","10":"tag-film","11":"tag-filmes","12":"tag-homem-aranha-um-novo-dia","13":"tag-jean-grey","14":"tag-movies","15":"tag-portugal","16":"tag-pt","17":"tag-sadie-sink"},"share_on_mastodon":{"url":"https:\/\/pubeurope.com\/@pt\/115863407156191795","error":""},"_links":{"self":[{"href":"https:\/\/www.europesays.com\/pt\/wp-json\/wp\/v2\/posts\/221651","targetHints":{"allow":["GET"]}}],"collection":[{"href":"https:\/\/www.europesays.com\/pt\/wp-json\/wp\/v2\/posts"}],"about":[{"href":"https:\/\/www.europesays.com\/pt\/wp-json\/wp\/v2\/types\/post"}],"author":[{"embeddable":true,"href":"https:\/\/www.europesays.com\/pt\/wp-json\/wp\/v2\/users\/2"}],"replies":[{"embeddable":true,"href":"https:\/\/www.europesays.com\/pt\/wp-json\/wp\/v2\/comments?post=221651"}],"version-history":[{"count":0,"href":"https:\/\/www.europesays.com\/pt\/wp-json\/wp\/v2\/posts\/221651\/revisions"}],"wp:featuredmedia":[{"embeddable":true,"href":"https:\/\/www.europesays.com\/pt\/wp-json\/wp\/v2\/media\/221652"}],"wp:attachment":[{"href":"https:\/\/www.europesays.com\/pt\/wp-json\/wp\/v2\/media?parent=221651"}],"wp:term":[{"taxonomy":"category","embeddable":true,"href":"https:\/\/www.europesays.com\/pt\/wp-json\/wp\/v2\/categories?post=221651"},{"taxonomy":"post_tag","embeddable":true,"href":"https:\/\/www.europesays.com\/pt\/wp-json\/wp\/v2\/tags?post=221651"}],"curies":[{"name":"wp","href":"https:\/\/api.w.org\/{rel}","templated":true}]}}