{"id":22168,"date":"2025-08-09T09:38:29","date_gmt":"2025-08-09T09:38:29","guid":{"rendered":"https:\/\/www.europesays.com\/pt\/22168\/"},"modified":"2025-08-09T09:38:29","modified_gmt":"2025-08-09T09:38:29","slug":"heroi-da-apollo-13-morre-aos-97-anos","status":"publish","type":"post","link":"https:\/\/www.europesays.com\/pt\/22168\/","title":{"rendered":"Her\u00f3i da Apollo 13 Morre aos 97 Anos"},"content":{"rendered":"<p>Jim Lovell, o astronauta da NASA que comandou a tripula\u00e7\u00e3o da Apollo 13 numa odisseia de regresso \u00e0 Terra ap\u00f3s uma falha catastr\u00f3fica no espa\u00e7o, morreu na \u00faltima quinta-feira, 7 de agosto, em Lake Forest, Illinois, aos 97 anos. A morte foi confirmada pela NASA, que lhe prestou homenagem como um dos mais proeminentes pioneiros da explora\u00e7\u00e3o espacial.<\/p>\n<p>O astronauta ficou eternamente ligado \u00e0 frase &#8220;Houston, we&#8217;ve had a problem&#8221;, quando se deu a explos\u00e3o que danificou a c\u00e1psula espacial da Apollo 13, na miss\u00e3o de 1970, mas esta na realidade foi dita inicialmente pelo seu colega, o piloto do m\u00f3dulo de comando <strong>Jack Swigert<\/strong>. Lovell, por sua vez, confirmou a mensagem, repetindo-a para o controlo da miss\u00e3o, naquela cidade do Texas. <\/p>\n<p>A miss\u00e3o, que se dirigia para a Lua, transformou-se desde esse momento num drama de sobreviv\u00eancia, com Lovell a guiar a sua tripula\u00e7\u00e3o num voo de emerg\u00eancia de 320 mil quil\u00f3metros de volta para casa, recorrendo a c\u00e1lculos manuais e \u00e0 capacidade de improvisa\u00e7\u00e3o da equipa e dos engenheiros em terra para superar as adversidades. A sua lideran\u00e7a calma e determinada foi crucial para o salvamento dos tr\u00eas astronautas. A hist\u00f3ria de Lovell na miss\u00e3o Apollo 13 foi contada no popular filme de 1995, Apollo 13, onde o seu papel foi interpretado pelo ator Tom Hanks.<\/p>\n","protected":false},"excerpt":{"rendered":"Jim Lovell, o astronauta da NASA que comandou a tripula\u00e7\u00e3o da Apollo 13 numa odisseia de regresso \u00e0&hellip;\n","protected":false},"author":2,"featured_media":22169,"comment_status":"","ping_status":"","sticky":false,"template":"","format":"standard","meta":{"footnotes":""},"categories":[50],"tags":[7943,27,28,1008,15,16,14,25,26,21,22,62,1149,12,13,19,20,2409,23,24,17,18,29,30,31,63,64,65],"class_list":{"0":"post-22168","1":"post","2":"type-post","3":"status-publish","4":"format-standard","5":"has-post-thumbnail","7":"category-mundo","8":"tag-apollo-13","9":"tag-breaking-news","10":"tag-breakingnews","11":"tag-espaco","12":"tag-featured-news","13":"tag-featurednews","14":"tag-headlines","15":"tag-latest-news","16":"tag-latestnews","17":"tag-main-news","18":"tag-mainnews","19":"tag-mundo","20":"tag-nasa","21":"tag-news","22":"tag-noticias","23":"tag-noticias-principais","24":"tag-noticiasprincipais","25":"tag-obito","26":"tag-principais-noticias","27":"tag-principaisnoticias","28":"tag-top-stories","29":"tag-topstories","30":"tag-ultimas","31":"tag-ultimas-noticias","32":"tag-ultimasnoticias","33":"tag-world","34":"tag-world-news","35":"tag-worldnews"},"share_on_mastodon":{"url":"","error":""},"_links":{"self":[{"href":"https:\/\/www.europesays.com\/pt\/wp-json\/wp\/v2\/posts\/22168","targetHints":{"allow":["GET"]}}],"collection":[{"href":"https:\/\/www.europesays.com\/pt\/wp-json\/wp\/v2\/posts"}],"about":[{"href":"https:\/\/www.europesays.com\/pt\/wp-json\/wp\/v2\/types\/post"}],"author":[{"embeddable":true,"href":"https:\/\/www.europesays.com\/pt\/wp-json\/wp\/v2\/users\/2"}],"replies":[{"embeddable":true,"href":"https:\/\/www.europesays.com\/pt\/wp-json\/wp\/v2\/comments?post=22168"}],"version-history":[{"count":0,"href":"https:\/\/www.europesays.com\/pt\/wp-json\/wp\/v2\/posts\/22168\/revisions"}],"wp:featuredmedia":[{"embeddable":true,"href":"https:\/\/www.europesays.com\/pt\/wp-json\/wp\/v2\/media\/22169"}],"wp:attachment":[{"href":"https:\/\/www.europesays.com\/pt\/wp-json\/wp\/v2\/media?parent=22168"}],"wp:term":[{"taxonomy":"category","embeddable":true,"href":"https:\/\/www.europesays.com\/pt\/wp-json\/wp\/v2\/categories?post=22168"},{"taxonomy":"post_tag","embeddable":true,"href":"https:\/\/www.europesays.com\/pt\/wp-json\/wp\/v2\/tags?post=22168"}],"curies":[{"name":"wp","href":"https:\/\/api.w.org\/{rel}","templated":true}]}}