{"id":221681,"date":"2026-01-09T06:06:29","date_gmt":"2026-01-09T06:06:29","guid":{"rendered":"https:\/\/www.europesays.com\/pt\/221681\/"},"modified":"2026-01-09T06:06:29","modified_gmt":"2026-01-09T06:06:29","slug":"como-proteger-seu-celular-e-seus-dados-durante-ferias-e-viagens","status":"publish","type":"post","link":"https:\/\/www.europesays.com\/pt\/221681\/","title":{"rendered":"como proteger seu celular e seus dados durante f\u00e9rias e viagens"},"content":{"rendered":"\n<p class=\" content-text__container theme-color-primary-first-letter\" data-track-category=\"Link no Texto\" data-track-links=\"\"> O ver\u00e3o \u00e9 sin\u00f4nimo de festas, viagens, encontros, praia e momentos de lazer. Ao mesmo tempo, o per\u00edodo registra um aumento significativo nos casos de perda, roubo e uso indevido de celulares, principal porta de acesso a dados pessoais, contas banc\u00e1rias, redes sociais e outras informa\u00e7\u00f5es sens\u00edveis. Para evitar transtornos durante as f\u00e9rias e recessos, adotar medidas preventivas simples, por\u00e9m eficazes, \u00e9 fundamental. <\/p>\n<ul class=\"content-unordered-list\">\n<li><strong>Veja: <\/strong><a class=\"\" href=\"https:\/\/oglobo.globo.com\/ela\/noticia\/2026\/01\/08\/virginia-fonseca-dita-tendencias-de-moda-praia-com-biquinis-que-vao-do-minimalismo-ao-fashion.ghtml\" rel=\"nofollow noopener\" target=\"_blank\"><strong>Virg\u00ednia Fonseca dita tend\u00eancias de moda praia com biqu\u00ednis que v\u00e3o do minimalismo ao fashion<\/strong><\/a><\/li>\n<li><strong>Moda ver\u00e3o: <\/strong><a class=\"\" href=\"https:\/\/oglobo.globo.com\/ela\/noticia\/2026\/01\/07\/moda-verao-maisa-silva-arrasa-em-biquini-asa-delta-estampado-e-dita-tendencia-de-beachwear.ghtml\" rel=\"nofollow noopener\" target=\"_blank\"><strong>Maisa Silva arrasa em biqu\u00edni asa-delta estampado e dita tend\u00eancia de beachwear<\/strong><\/a><\/li>\n<\/ul>\n<p class=\" content-text__container \" data-track-category=\"Link no Texto\" data-track-links=\"\"> Segundo Eduardo Nery, especialista em ciberseguran\u00e7a e CEO da Every Cybersecurity and GRC Solutions, o celular deixou de ser apenas um meio de comunica\u00e7\u00e3o e passou a funcionar como um verdadeiro &#8220;cofre digital&#8221;. <\/p>\n<p class=\" content-text__container \" data-track-category=\"Link no Texto\" data-track-links=\"\"> &#8220;Hoje, no aparelho est\u00e3o concentrados aplicativos banc\u00e1rios, carteiras digitais, e-mails, redes sociais e at\u00e9 documentos pessoais. Quando ele \u00e9 perdido ou roubado, o preju\u00edzo pode ir muito al\u00e9m do valor do dispositivo&#8221;, alerta. <\/p>\n<p class=\" content-text__container \" data-track-category=\"Link no Texto\" data-track-links=\"\"> Durante o ver\u00e3o, situa\u00e7\u00f5es como o uso do telefone em locais abertos \u2014 praias, festas, bares, aeroportos e deslocamentos constantes \u2014 ampliam a exposi\u00e7\u00e3o a furtos, acessos indevidos e golpes. &#8220;\u00c9 comum que as pessoas relaxem nos cuidados durante as f\u00e9rias. Esse comportamento cria oportunidades para criminosos, que se aproveitam de distra\u00e7\u00f5es e da falta de prote\u00e7\u00e3o adequada nos aparelhos&#8221;, explica. <\/p>\n<p class=\" content-text__container \" data-track-category=\"Link no Texto\" data-track-links=\"\"> Mesmo com boas pr\u00e1ticas de seguran\u00e7a, nenhum dispositivo ou informa\u00e7\u00e3o est\u00e1 completamente protegido. Por isso, o foco deve ser reduzir vulnerabilidades e minimizar os impactos caso algo aconte\u00e7a. &#8220;Seguran\u00e7a digital n\u00e3o significa eliminar riscos, mas diminuir as chances de exposi\u00e7\u00e3o e estar preparado para reagir rapidamente&#8221;, ressalta o especialista. <\/p>\n<p class=\" content-text__container \" data-track-category=\"Link no Texto\" data-track-links=\"\"> Ativar bloqueios, refor\u00e7ar senhas, proteger contas e limitar acessos s\u00e3o atitudes que fazem diferen\u00e7a no dia a dia. &#8220;Medidas simples podem evitar preju\u00edzos financeiros, exposi\u00e7\u00e3o de dados pessoais e transtornos capazes de comprometer o descanso e o lazer&#8221;, completa Eduardo. <\/p>\n<p>Dicas para proteger seu celular no ver\u00e3o<\/p>\n<ul class=\"content-unordered-list\">\n<li>Ative o bloqueio de tela com senha forte, biometria ou reconhecimento facial.<\/li>\n<li>Utilize senhas longas e diferentes para aplicativos banc\u00e1rios, e-mail e redes sociais.<\/li>\n<li>Ative a autentica\u00e7\u00e3o em dois fatores em todas as contas dispon\u00edveis.<\/li>\n<li>Evite redes Wi-Fi p\u00fablicas para acessar bancos, pagamentos ou informa\u00e7\u00f5es sens\u00edveis.<\/li>\n<li>Desative notifica\u00e7\u00f5es na tela de bloqueio para impedir a visualiza\u00e7\u00e3o de c\u00f3digos e mensagens.<\/li>\n<li>Ative recursos de rastreamento e bloqueio remoto do aparelho.<\/li>\n<li>Evite manter aplicativos banc\u00e1rios com acesso autom\u00e1tico.<\/li>\n<li>Fa\u00e7a backups regulares dos dados.<\/li>\n<li>Em caso de perda ou roubo, bloqueie imediatamente o dispositivo, altere as senhas e comunique a operadora e as institui\u00e7\u00f5es financeiras.<\/li>\n<\/ul>\n","protected":false},"excerpt":{"rendered":"O ver\u00e3o \u00e9 sin\u00f4nimo de festas, viagens, encontros, praia e momentos de lazer. Ao mesmo tempo, o per\u00edodo&hellip;\n","protected":false},"author":2,"featured_media":221682,"comment_status":"","ping_status":"","sticky":false,"template":"","format":"standard","meta":{"footnotes":""},"categories":[84],"tags":[109,107,108,319,32,33,318,105,103,104,106,110],"class_list":{"0":"post-221681","1":"post","2":"type-post","3":"status-publish","4":"format-standard","5":"has-post-thumbnail","7":"category-ciencia-e-tecnologia","8":"tag-ciencia","9":"tag-ciencia-e-tecnologia","10":"tag-cienciaetecnologia","11":"tag-hard-news","12":"tag-portugal","13":"tag-pt","14":"tag-radar","15":"tag-science","16":"tag-science-and-technology","17":"tag-scienceandtechnology","18":"tag-technology","19":"tag-tecnologia"},"share_on_mastodon":{"url":"https:\/\/pubeurope.com\/@pt\/115863642590431504","error":""},"_links":{"self":[{"href":"https:\/\/www.europesays.com\/pt\/wp-json\/wp\/v2\/posts\/221681","targetHints":{"allow":["GET"]}}],"collection":[{"href":"https:\/\/www.europesays.com\/pt\/wp-json\/wp\/v2\/posts"}],"about":[{"href":"https:\/\/www.europesays.com\/pt\/wp-json\/wp\/v2\/types\/post"}],"author":[{"embeddable":true,"href":"https:\/\/www.europesays.com\/pt\/wp-json\/wp\/v2\/users\/2"}],"replies":[{"embeddable":true,"href":"https:\/\/www.europesays.com\/pt\/wp-json\/wp\/v2\/comments?post=221681"}],"version-history":[{"count":0,"href":"https:\/\/www.europesays.com\/pt\/wp-json\/wp\/v2\/posts\/221681\/revisions"}],"wp:featuredmedia":[{"embeddable":true,"href":"https:\/\/www.europesays.com\/pt\/wp-json\/wp\/v2\/media\/221682"}],"wp:attachment":[{"href":"https:\/\/www.europesays.com\/pt\/wp-json\/wp\/v2\/media?parent=221681"}],"wp:term":[{"taxonomy":"category","embeddable":true,"href":"https:\/\/www.europesays.com\/pt\/wp-json\/wp\/v2\/categories?post=221681"},{"taxonomy":"post_tag","embeddable":true,"href":"https:\/\/www.europesays.com\/pt\/wp-json\/wp\/v2\/tags?post=221681"}],"curies":[{"name":"wp","href":"https:\/\/api.w.org\/{rel}","templated":true}]}}