{"id":221705,"date":"2026-01-09T07:19:10","date_gmt":"2026-01-09T07:19:10","guid":{"rendered":"https:\/\/www.europesays.com\/pt\/221705\/"},"modified":"2026-01-09T07:19:10","modified_gmt":"2026-01-09T07:19:10","slug":"nao-preciso-de-direito-internacional-trump-diz-que-so-a-propria-moralidade-o-pode-parar","status":"publish","type":"post","link":"https:\/\/www.europesays.com\/pt\/221705\/","title":{"rendered":"&#8220;N\u00e3o preciso de direito internacional&#8221;: Trump diz que s\u00f3 a &#8220;pr\u00f3pria moralidade&#8221; o pode parar"},"content":{"rendered":"<p class=\"category\"><a href=\"https:\/\/sicnoticias.pt\/mundo\/eua\" rel=\"nofollow noopener\" target=\"_blank\">EUA<\/a><\/p>\n<p>Em entrevista, pressionado sobre se a sua administra\u00e7\u00e3o deveria respeitar o direito internacional, Donald Trump respondeu que j\u00e1 o faz, mas deixou claro que decidir\u00e1 quando \u00e9 que tais restri\u00e7\u00f5es se aplicar\u00e3o aos Estados Unidos.<\/p>\n<p><img decoding=\"async\" src=\"https:\/\/www.europesays.com\/pt\/wp-content\/uploads\/2026\/01\/1767943150_350_original.webp\" alt=\"&quot;N\u00e3o preciso de direito internacional&quot;: Trump diz que s\u00f3 a &quot;pr\u00f3pria moralidade&quot; o pode parar\"\/><\/p>\n<p>Kevin Lamarque\/REUTERS<\/p>\n<p><strong>Donald Trump defendeu esta quinta-feira que a sua &#8220;pr\u00f3pria moralidade&#8221; \u00e9 o \u00fanico limite ao seu poder enquanto Presidente, descartando assim o direito internacional como pretexto para atacar outros pa\u00edses.<\/strong><\/p>\n<p>Trump tem sido alvo de fortes cr\u00edticas na sequ\u00eancia da <a href=\"https:\/\/sicnoticias.pt\/especiais\/ataque-dos-eua-a-venezuela\" target=\"_blank\" rel=\"noopener noreferrer nofollow\">opera\u00e7\u00e3o militar na Venezuela<\/a> e, em entrevista, quando questionado se havia limites para o seu poder, respondeu: &#8220;Sim, h\u00e1 uma coisa, <strong>a minha pr\u00f3pria moralidade, a minha pr\u00f3pria mente<\/strong>. Essa \u00e9 a \u00fanica coisa que me pode parar&#8221;.<\/p>\n<blockquote><p>&#8220;N\u00e3o preciso de direito internacional&#8221;, acrescentou.<\/p><\/blockquote>\n<p>Quando pressionado sobre se o seu Governo deveria respeitar o direito internacional, Trump respondeu que j\u00e1 o faz, mas deixou claro que decidir\u00e1 quando \u00e9 que tais restri\u00e7\u00f5es se aplicar\u00e3o aos Estados Unidos.<\/p>\n<p>Durante a entrevista, Trump mencionou o sucesso do seu ataque ao programa nuclear iraniano, a rapidez com que destruiu a imagem p\u00fablica do Governo venezuelano e os seus planos em rela\u00e7\u00e3o \u00e0 Gronel\u00e2ndia.<\/p>\n<p>Sobre este \u00faltimo ponto, <strong>recusou responder se prefere adquirir este territ\u00f3rio aut\u00f3nomo \u00e0 Dinamarca ou preservar a NATO<\/strong>.<\/p>\n<p>Quanto \u00e0 necessidade de possuir a ilha, Trump analisou que &#8220;\u00e9 o que se precisa psicologicamente para ter sucesso&#8221;, uma vez que &#8220;a propriedade d\u00e1-lhe algo que n\u00e3o se consegue com um arrendamento ou um tratado&#8221;.<\/p>\n<blockquote><p>&#8220;A propriedade \u00e9 muito importante&#8221;, insistiu.<\/p><\/blockquote>\n<p>Para o governante, a <strong>import\u00e2ncia da soberania e das fronteiras nacionais \u00e9 menor do que o papel dos Estados Unidos como protetor do Ocidente<\/strong>.<\/p>\n<p>Trump afastou ainda a ideia de que os presidentes da China, Xi Jinping, e da R\u00fassia, Vladimir Putin, pudessem usar uma l\u00f3gica semelhante \u00e0 sua em detrimento dos Estados Unidos.<\/p>\n","protected":false},"excerpt":{"rendered":"EUA Em entrevista, pressionado sobre se a sua administra\u00e7\u00e3o deveria respeitar o direito internacional, Donald Trump respondeu que&hellip;\n","protected":false},"author":2,"featured_media":221706,"comment_status":"","ping_status":"","sticky":false,"template":"","format":"standard","meta":{"footnotes":""},"categories":[50],"tags":[27,28,15,16,14,25,26,21,22,62,12,13,19,20,23,24,17,18,29,30,31,63,64,65],"class_list":{"0":"post-221705","1":"post","2":"type-post","3":"status-publish","4":"format-standard","5":"has-post-thumbnail","7":"category-mundo","8":"tag-breaking-news","9":"tag-breakingnews","10":"tag-featured-news","11":"tag-featurednews","12":"tag-headlines","13":"tag-latest-news","14":"tag-latestnews","15":"tag-main-news","16":"tag-mainnews","17":"tag-mundo","18":"tag-news","19":"tag-noticias","20":"tag-noticias-principais","21":"tag-noticiasprincipais","22":"tag-principais-noticias","23":"tag-principaisnoticias","24":"tag-top-stories","25":"tag-topstories","26":"tag-ultimas","27":"tag-ultimas-noticias","28":"tag-ultimasnoticias","29":"tag-world","30":"tag-world-news","31":"tag-worldnews"},"share_on_mastodon":{"url":"https:\/\/pubeurope.com\/@pt\/115863929655064930","error":""},"_links":{"self":[{"href":"https:\/\/www.europesays.com\/pt\/wp-json\/wp\/v2\/posts\/221705","targetHints":{"allow":["GET"]}}],"collection":[{"href":"https:\/\/www.europesays.com\/pt\/wp-json\/wp\/v2\/posts"}],"about":[{"href":"https:\/\/www.europesays.com\/pt\/wp-json\/wp\/v2\/types\/post"}],"author":[{"embeddable":true,"href":"https:\/\/www.europesays.com\/pt\/wp-json\/wp\/v2\/users\/2"}],"replies":[{"embeddable":true,"href":"https:\/\/www.europesays.com\/pt\/wp-json\/wp\/v2\/comments?post=221705"}],"version-history":[{"count":0,"href":"https:\/\/www.europesays.com\/pt\/wp-json\/wp\/v2\/posts\/221705\/revisions"}],"wp:featuredmedia":[{"embeddable":true,"href":"https:\/\/www.europesays.com\/pt\/wp-json\/wp\/v2\/media\/221706"}],"wp:attachment":[{"href":"https:\/\/www.europesays.com\/pt\/wp-json\/wp\/v2\/media?parent=221705"}],"wp:term":[{"taxonomy":"category","embeddable":true,"href":"https:\/\/www.europesays.com\/pt\/wp-json\/wp\/v2\/categories?post=221705"},{"taxonomy":"post_tag","embeddable":true,"href":"https:\/\/www.europesays.com\/pt\/wp-json\/wp\/v2\/tags?post=221705"}],"curies":[{"name":"wp","href":"https:\/\/api.w.org\/{rel}","templated":true}]}}