{"id":221711,"date":"2026-01-09T07:29:14","date_gmt":"2026-01-09T07:29:14","guid":{"rendered":"https:\/\/www.europesays.com\/pt\/221711\/"},"modified":"2026-01-09T07:29:14","modified_gmt":"2026-01-09T07:29:14","slug":"mais-um-bairro-de-porto-alegre-recebe-novo-dispositivo-de-combate-ao-mosquito-da-dengue","status":"publish","type":"post","link":"https:\/\/www.europesays.com\/pt\/221711\/","title":{"rendered":"Mais um bairro de Porto Alegre recebe novo dispositivo de combate ao mosquito da dengue"},"content":{"rendered":"<p>Por <\/p>\n<p>\t\t\t\tReda\u00e7\u00e3o R\u00e1dio Pampa\t<\/p>\n<p>\t\t\t\t | 8 de janeiro de 2026<\/p>\n<p><img width=\"1547\" height=\"1080\" src=\"https:\/\/www.europesays.com\/pt\/wp-content\/uploads\/2026\/01\/260107_CristineRochol_DVSDengueEDLs_SMS-9800-1.jpg\" class=\"webfeedsFeaturedVisual wp-post-image\" alt=\"\" style=\"display: block; margin: auto; margin-bottom: 5px;max-width: 100%;\" link_thumbnail=\"\" decoding=\"async\" loading=\"lazy\"  \/><\/p>\n<p>Nesta semana, a Secretaria Municipal de Sa\u00fade (SMS) de Porto Alegre iniciou no bairro Vila Jo\u00e3o Pessoa (Zona Leste) a instala\u00e7\u00e3o de 120 esta\u00e7\u00f5es de dissemina\u00e7\u00e3o de larvicidas (EDL), ampliando assim para quatro as \u00e1reas da cidade a contarem com o dispositivo. Trata-se de uma nova tecnologia de controle do mosquito Aedes aegypti, respons\u00e1vel pela trasmiss\u00e3o da dengue, zika v\u00edrus e febre chikungunya.<\/p>\n<p>O funcionamento do dispositivo \u00e9 relativamente simples. Potes pl\u00e1sticos com uma tela interna impregnada de p\u00f3-larvicida, que impede o desenvolvimento da fase larval do vetor, inibem a evolu\u00e7\u00e3o do inseto para a fase adulta (mosquito), quando sua picada transmite doen\u00e7as. A concentra\u00e7\u00e3o do produto \u00e9 extremamente baixa, sem oferecer riscos \u00e0 sa\u00fade.<\/p>\n<p>\u201cO produto aplicado na tela tem princ\u00edpio ativo o piriproxifem 0,5% e \u00e9 inofensivo para seres humanos e animais dom\u00e9sticos\u201d, enfatiza o bi\u00f3logo Tiago Fazolo, da Vigil\u00e2ncia Ambiental da SMS. \u201cA colabora\u00e7\u00e3o da comunidade \u00e9 fundamental para o sucesso da estrat\u00e9gia.\u201d<\/p>\n<p>Essa armadilha conta com espa\u00e7o para colocar \u00e1gua e, assim, atrair o Aedes. Quando este ingressa no dispositivo para depositar seus ovos, entra em contato com o larvicida. Os mosquitos buscam diferentes locais para depositar seus ovos, acabam transportando o produto para outros criadouros: o desenvolvimento das larvas \u00e9 ent\u00e3o nterrompido, contribuindo para a redu\u00e7\u00e3o da infesta\u00e7\u00e3o de esp\u00e9cimes adultos.<\/p>\n<p>\u201cAs armadilhas s\u00e3o instaladas por agentes de combate a endemias e t\u00e9cnicos da Vigil\u00e2ncia em Sa\u00fade do munic\u00edpio\u201d, explica o bi\u00f3logo Tiago Fazolo, vinculado \u00e0 SMS. \u201cEsses profissionais visitam os im\u00f3veis a cada 40 dias, para realizar a manuten\u00e7\u00e3o da EDL, procedimento que envolve a troca da \u00e1gua e da tela impregnada com o larvicida.\u201d<\/p>\n<p><strong>Ineditismo<\/strong><\/p>\n<p>Na capital ga\u00facha, a iniciativa \u00e9 in\u00e9dita, por meio de um projeto-pilito desenvolvido em parceria com o Minist\u00e9rio da Sa\u00fade e j\u00e1 contempla os bairros Bom Jesus (212 equipamentos), Passo das Pedras (317) e S\u00e3o Jos\u00e9 (180). As regi\u00f5es foram escolhidas por crit\u00e9rios t\u00e9cnicos e pelo hist\u00f3rico de casos de dengue ao longo dos \u00faltimos anos.<\/p>\n<p>A implanta\u00e7\u00e3o come\u00e7ou no semestre passado. No Rio Grande do Sul, apenas Porto Alegre e Rio Grande (Litoral Sul) contam com a inova\u00e7\u00e3o. Os agentes encarregados da implementa\u00e7\u00e3o da novidade est\u00e3o devidamente identificados. Al\u00e9m do procedimento, eles orientam moradores da comunidade sobre o funcionamento do sistema.<\/p>\n<p style=\"text-align: right;\">(Marcello Campos)<\/p>\n","protected":false},"excerpt":{"rendered":"Por Reda\u00e7\u00e3o R\u00e1dio Pampa | 8 de janeiro de 2026 Nesta semana, a Secretaria Municipal de Sa\u00fade (SMS)&hellip;\n","protected":false},"author":2,"featured_media":221712,"comment_status":"","ping_status":"","sticky":false,"template":"","format":"standard","meta":{"footnotes":""},"categories":[86],"tags":[116,32,33,117],"class_list":{"0":"post-221711","1":"post","2":"type-post","3":"status-publish","4":"format-standard","5":"has-post-thumbnail","7":"category-saude","8":"tag-health","9":"tag-portugal","10":"tag-pt","11":"tag-saude"},"share_on_mastodon":{"url":"https:\/\/pubeurope.com\/@pt\/115863968977270473","error":""},"_links":{"self":[{"href":"https:\/\/www.europesays.com\/pt\/wp-json\/wp\/v2\/posts\/221711","targetHints":{"allow":["GET"]}}],"collection":[{"href":"https:\/\/www.europesays.com\/pt\/wp-json\/wp\/v2\/posts"}],"about":[{"href":"https:\/\/www.europesays.com\/pt\/wp-json\/wp\/v2\/types\/post"}],"author":[{"embeddable":true,"href":"https:\/\/www.europesays.com\/pt\/wp-json\/wp\/v2\/users\/2"}],"replies":[{"embeddable":true,"href":"https:\/\/www.europesays.com\/pt\/wp-json\/wp\/v2\/comments?post=221711"}],"version-history":[{"count":0,"href":"https:\/\/www.europesays.com\/pt\/wp-json\/wp\/v2\/posts\/221711\/revisions"}],"wp:featuredmedia":[{"embeddable":true,"href":"https:\/\/www.europesays.com\/pt\/wp-json\/wp\/v2\/media\/221712"}],"wp:attachment":[{"href":"https:\/\/www.europesays.com\/pt\/wp-json\/wp\/v2\/media?parent=221711"}],"wp:term":[{"taxonomy":"category","embeddable":true,"href":"https:\/\/www.europesays.com\/pt\/wp-json\/wp\/v2\/categories?post=221711"},{"taxonomy":"post_tag","embeddable":true,"href":"https:\/\/www.europesays.com\/pt\/wp-json\/wp\/v2\/tags?post=221711"}],"curies":[{"name":"wp","href":"https:\/\/api.w.org\/{rel}","templated":true}]}}