{"id":221717,"date":"2026-01-09T07:36:19","date_gmt":"2026-01-09T07:36:19","guid":{"rendered":"https:\/\/www.europesays.com\/pt\/221717\/"},"modified":"2026-01-09T07:36:19","modified_gmt":"2026-01-09T07:36:19","slug":"pulseiras-de-bruna-marquezine-e-shawn-mendes-viralizam-saiba-detalhes","status":"publish","type":"post","link":"https:\/\/www.europesays.com\/pt\/221717\/","title":{"rendered":"Pulseiras de Bruna Marquezine e Shawn Mendes viralizam; saiba detalhes"},"content":{"rendered":"<p>\n                        Atriz foi flagrada em Los Angeles (EUA) ao lado do cantor, ap\u00f3s R\u00e9veillon em S\u00e3o Miguel dos Milagres\n                    <\/p>\n<ul class=\"article__header__author\">\n<li class=\"article__header__author__item\">\n                                                                                    <img loading=\"lazy\" decoding=\"async\" src=\"https:\/\/www.europesays.com\/pt\/wp-content\/uploads\/2025\/11\/microsoftteams-image-(23)-1jy7orqt0u4hi.png\" width=\"32\" height=\"32\" title=\"Reda\u00e7\u00e3o Terra\" alt=\"Reda\u00e7\u00e3o Terra\" class=\"author-picture\"\/><br \/>\n                                                                            Por:<br \/>\n                                                                                    Reda\u00e7\u00e3o Terra\n                                                                        <\/li>\n<\/ul>\n<p>\n                                    8 jan<br \/>\n                                    2026<br \/>\n                                     &#8211; 16h56\n                                <\/p>\n<p>\n                                                                                                                        (atualizado \u00e0s 19h08)\n                                                                            <\/p>\n<p><img loading=\"lazy\" decoding=\"async\" alt=\"Bruna Marquezine usou Pulseira Link Mangueira, da marca PRASI\" class=\"img-81d6e8480ed798e1e8fb9edbf193a681e112g8yx\" height=\"436\" src=\"https:\/\/www.europesays.com\/pt\/wp-content\/uploads\/2026\/01\/bru-1iuy8zr0yyijn.png\"  title=\"Bruna Marquezine usou Pulseira Link Mangueira, da marca PRASI\" width=\"774\"\/><\/p>\n<p>Bruna Marquezine usou Pulseira Link Mangueira, da marca PRASI<\/p>\n<p>Foto: Reprodu\u00e7\u00e3o\/@brunamarquezine\/Instagram<\/p>\n<p class=\"text\">O romance entre <a href=\"https:\/\/www.terra.com.br\/diversao\/gente\/xuxa-defende-sasha-e-bruna-marquezine-apos-ataques-pessoas-mal-amadas,e26277ff721d4809a0eed9b2c2db6ba9lcqraeaa.html\" rel=\"nofollow noopener\" target=\"_blank\">Bruna Marquezine<\/a> e Shawn Mendes tem rendido diversos cliques que viralizaram nas redes sociais nas \u00faltimas duas semanas. Em registros publicados por Bruna em seu perfil no Instagram, um acess\u00f3rio espec\u00edfico no seu look, <a href=\"https:\/\/www.terra.com.br\/diversao\/gente\/bruna-marquezine-passou-a-virada-do-ano-com-look-de-mais-de-r-50-mil-saiba,9c6bf45e0472781de2829c67dedb977e7nhyxd7h.html\" rel=\"nofollow noopener\" target=\"_blank\">que custou mais de R$ 50 mil<\/a>,\u00a0chamou a aten\u00e7\u00e3o dos internautas: uma pulseira vermelha.\u00a0<\/p>\n<blockquote>\n<\/blockquote>\n<p class=\"text\">A pulseira vermelha usada por Bruna durante o R\u00e9veillon\u00a0pertence \u00e0 marca brasileira PRASI e custa R$ 5.500,00. De acordo com a marca, a Pulseira Link Dois Irm\u00e3os\u00a0\u00e9 uma homenagem ao morro hom\u00f4nimo, &#8220;que tem uma das mais belas vistas do Rio de Janeiro&#8221;.<\/p>\n<p class=\"text\">&#8220;Imagina pagar 5k em uma pulseira de cetim?&#8221;, comentou uma usu\u00e1ria do X. &#8220;Rico gosta de pagar caro em coisas que d\u00e1 para comprar na 25 de mar\u00e7o&#8221;, escreveu outra.<\/p>\n<blockquote class=\"twitter-tweet\" id=\"2009064792376701340?ref_src=twsrc%5Etfw\">\n<p class=\"text\" dir=\"ltr\" lang=\"pt\">fiquei gagg quando descobri que essa simples pulseirinha da bruna custa 5k <a href=\"https:\/\/t.co\/x7ybBKS3h5\" rel=\"nofollow\">https:\/\/t.co\/x7ybBKS3h5<\/a><\/p>\n<p>\u2014 johnzinhu (@halluciting) <a href=\"https:\/\/twitter.com\/halluciting\/status\/2009064792376701340?ref_src=twsrc%5Etfw\" rel=\"nofollow noopener\" target=\"_blank\">January 8, 2026<\/a><\/p><\/blockquote>\n<p class=\"text\">O casal curtiu a virada do ano em S\u00e3o Miguel dos Milagres, em Alagoas, ao lado dos amigos <a href=\"https:\/\/www.terra.com.br\/tudo-sobre\/sasha-meneghel\" target=\"_self\" rel=\"nofollow noopener\">Sasha Meneghel<\/a> e Jo\u00e3o Lucas, e desembarcou em Los Angeles (EUA) na quarta-feira, 7.<\/p>\n<p class=\"text\">Em um flagra feito em um supermercado na cidade norte-americana, \u00e9 poss\u00edvel ver que Shawn tamb\u00e9m escolheu um acess\u00f3rio para iniciar o ano com sorte: a pulseira de sete n\u00f3s.<\/p>\n<p><img alt=\"Bruna Marquezine e Shawn Mendes em supermercado em Los Angeles (EUA)\" class=\"img-ce037a5fc72071498d577fef622ae4225txrw01q\" decoding=\"async\" height=\"436\" loading=\"lazy\" src=\"https:\/\/www.europesays.com\/pt\/wp-content\/uploads\/2026\/01\/bru-(1)-s1jzjdbj7x2u.png\"  title=\"Bruna Marquezine e Shawn Mendes em supermercado em Los Angeles (EUA)\" width=\"774\"\/><\/p>\n<p>Bruna Marquezine e Shawn Mendes em supermercado em Los Angeles (EUA)<\/p>\n<p>Foto:  Reprodu\u00e7\u00e3o\/sronserina\/X Reprodu\u00e7\u00e3o\/favsbackupp\/X<\/p>\n<p class=\"text\">Tradicionalmente usada como um s\u00edmbolo espiritual, a pulseira de sete n\u00f3s \u00e9 conhecida por ser um amuleto que afasta o mau-olhado. Em muitas culturas asi\u00e1ticas, o acess\u00f3rio \u00e9 visto como um s\u00edmbolo da sorte e da prosperidade, da riqueza e da prote\u00e7\u00e3o.<\/p>\n<p class=\"text\">A pulseira de sete n\u00f3s \u00e9 comumente usada no pulso esquerdo, conhecido, em algumas culturas, por ser um lado &#8216;receptor&#8217; de boas energias.\u00a0Caso a pulseira arrebente ou o fio vermelho se rompa sozinho, isso \u00e9 considerado um bom sinal.\u00a0<\/p>\n<p>Bruna Marquezine e Shawn Mendes protagonizam beijo &#8216;de cinema&#8217; em praia de Alagoas:<\/p>\n<p><img alt=\"\" decoding=\"async\" height=\"364\" loading=\"lazy\" src=\"https:\/\/www.europesays.com\/pt\/wp-content\/uploads\/2026\/01\/bruna-sem-txt-1h7r08n8rqhk3.jpg\" width=\"648\"\/><\/p>\n<p>                            <script async src=\"https:\/\/platform.twitter.com\/widgets.js\" charset=\"utf-8\"><\/script><\/p>\n","protected":false},"excerpt":{"rendered":"Atriz foi flagrada em Los Angeles (EUA) ao lado do cantor, ap\u00f3s R\u00e9veillon em S\u00e3o Miguel dos Milagres&hellip;\n","protected":false},"author":2,"featured_media":221718,"comment_status":"","ping_status":"","sticky":false,"template":"","format":"standard","meta":{"footnotes":""},"categories":[145],"tags":[211,210,114,115,32,33],"class_list":{"0":"post-221717","1":"post","2":"type-post","3":"status-publish","4":"format-standard","5":"has-post-thumbnail","7":"category-celebridades","8":"tag-celebridades","9":"tag-celebrities","10":"tag-entertainment","11":"tag-entretenimento","12":"tag-portugal","13":"tag-pt"},"share_on_mastodon":{"url":"https:\/\/pubeurope.com\/@pt\/115863996560192899","error":""},"_links":{"self":[{"href":"https:\/\/www.europesays.com\/pt\/wp-json\/wp\/v2\/posts\/221717","targetHints":{"allow":["GET"]}}],"collection":[{"href":"https:\/\/www.europesays.com\/pt\/wp-json\/wp\/v2\/posts"}],"about":[{"href":"https:\/\/www.europesays.com\/pt\/wp-json\/wp\/v2\/types\/post"}],"author":[{"embeddable":true,"href":"https:\/\/www.europesays.com\/pt\/wp-json\/wp\/v2\/users\/2"}],"replies":[{"embeddable":true,"href":"https:\/\/www.europesays.com\/pt\/wp-json\/wp\/v2\/comments?post=221717"}],"version-history":[{"count":0,"href":"https:\/\/www.europesays.com\/pt\/wp-json\/wp\/v2\/posts\/221717\/revisions"}],"wp:featuredmedia":[{"embeddable":true,"href":"https:\/\/www.europesays.com\/pt\/wp-json\/wp\/v2\/media\/221718"}],"wp:attachment":[{"href":"https:\/\/www.europesays.com\/pt\/wp-json\/wp\/v2\/media?parent=221717"}],"wp:term":[{"taxonomy":"category","embeddable":true,"href":"https:\/\/www.europesays.com\/pt\/wp-json\/wp\/v2\/categories?post=221717"},{"taxonomy":"post_tag","embeddable":true,"href":"https:\/\/www.europesays.com\/pt\/wp-json\/wp\/v2\/tags?post=221717"}],"curies":[{"name":"wp","href":"https:\/\/api.w.org\/{rel}","templated":true}]}}