{"id":221720,"date":"2026-01-09T07:43:07","date_gmt":"2026-01-09T07:43:07","guid":{"rendered":"https:\/\/www.europesays.com\/pt\/221720\/"},"modified":"2026-01-09T07:43:07","modified_gmt":"2026-01-09T07:43:07","slug":"passo-fundo-registra-queda-de-92-nos-casos-de-dengue-e-nao-tem-mortes-pela-doenca","status":"publish","type":"post","link":"https:\/\/www.europesays.com\/pt\/221720\/","title":{"rendered":"Passo Fundo registra queda de 92% nos casos de dengue e n\u00e3o tem mortes pela doen\u00e7a"},"content":{"rendered":"<p><img fetchpriority=\"high\" decoding=\"async\" class=\"w-fit lg:w-full\" loading=\"eager\" src=\"https:\/\/www.europesays.com\/pt\/wp-content\/uploads\/2026\/01\/5601832_b62de6ca13b51fb.jpg\" title=\"witsawat \/ stock.adobe.com\" alt=\"witsawat \/ stock.adobe.com\" width=\"700\" height=\"477\"\/>Cidade encerrou ano sem mortes em decorr\u00eancia da doen\u00e7awitsawat \/ stock.adobe.com<\/p>\n<p>Passo Fundo encerrou o ano de 2025 com o <strong>menor n\u00famero de casos de dengue dos \u00faltimos tr\u00eas anos<\/strong>, registrando 152 diagn\u00f3sticos confirmados da doen\u00e7a. Desse total, 123 foram aut\u00f3ctones (contra\u00eddos no pr\u00f3prio munic\u00edpio), e n\u00e3o houve nenhuma morte em decorr\u00eancia da doen\u00e7a.<\/p>\n<p>O total representa uma <strong>queda significativa de 92%<\/strong> em rela\u00e7\u00e3o aos <strong>1.968 casos de 2024<\/strong> e aos 875 de 2023, per\u00edodo em que a doen\u00e7a causou seis mortes na cidade. Os dados s\u00e3o de um levantamento do governo estadual.<\/p>\n<p>Na avalia\u00e7\u00e3o da coordenadora de Vigil\u00e2ncia Ambiental, Iv\u00e2nia Silvestrin, o sucesso das estrat\u00e9gias se deve, entre outros fatores, ao <strong>aumento da equipe de agentes <\/strong>e \u00e0 intensifica\u00e7\u00e3o na fiscaliza\u00e7\u00e3o de den\u00fancias.<\/p>\n<p>\u2014 Apesar do resultado muito positivo, <strong>em nenhum momento podemos relaxar nos cuidados<\/strong>. Sempre pedimos que a popula\u00e7\u00e3o fa\u00e7a a sua parte, porque os piores meses de circula\u00e7\u00e3o do mosquito ainda est\u00e3o por vir \u2014 refor\u00e7a.<\/p>\n<p>At\u00e9 o momento, em 2026, a prefeitura n\u00e3o diagnosticou nenhum caso confirmado da doen\u00e7a. A circula\u00e7\u00e3o do mosquito Aedes aegypti \u00e9 mapeada em <a href=\"https:\/\/gauchazh.clicrbs.com.br\/passo-fundo\/saude\/noticia\/2025\/12\/como-funciona-a-armadilha-com-levedo-de-cerveja-para-mapear-o-mosquito-da-dengue-em-passo-fundo-cmiq66rdd010t0130roge6nc1.html\" rel=\"nofollow noopener\" target=\"_blank\"><strong>225 pontos da cidade<\/strong><\/a>.\u00a0<\/p>\n<p><strong>Bairros com presen\u00e7a do mosquito Aedes aegypti<\/strong><\/p>\n<p><img decoding=\"async\" class=\"w-fit lg:w-full\" loading=\"eager\" src=\"https:\/\/www.europesays.com\/pt\/wp-content\/uploads\/2026\/01\/5547595_d434a59d38f4909.jpg\" title=\"Jo\u00e3o Pazuch \/ PMPF \/ Divulga\u00e7\u00e3o\" alt=\"Jo\u00e3o Pazuch \/ PMPF \/ Divulga\u00e7\u00e3o\" width=\"700\" height=\"477\"\/>F\u00eameas do mosquito colocam seus ovos nas &#8220;ovitrampas&#8221;Jo\u00e3o Pazuch \/ PMPF \/ Divulga\u00e7\u00e3o<\/p>\n<p>Para combater a prolifera\u00e7\u00e3o do mosquito, a prefeitura instalou<a href=\"https:\/\/gauchazh.clicrbs.com.br\/passo-fundo\/saude\/noticia\/2025\/12\/como-funciona-a-armadilha-com-levedo-de-cerveja-para-mapear-o-mosquito-da-dengue-em-passo-fundo-cmiq66rdd010t0130roge6nc1.html\" rel=\"nofollow noopener\" target=\"_blank\"><strong> 225 armadilhas em diferentes bairros da cidade<\/strong><\/a>. Conhecidas como <strong>&#8220;ovitrampas&#8221;<\/strong>, esses mecanismos simples atraem as f\u00eameas do mosquito para depositarem seus ovos.<\/p>\n<p>Periodicamente, os agentes de endemias recolhem as amostras para an\u00e1lise. A \u00faltima instala\u00e7\u00e3o foi em 19 de dezembro de 2025, quando foram registrados <strong>ovos do mosquito Aedes aegypti em pelo menos 14 bairros<\/strong>: Zacchia, Centro, Vera Cruz, Santa Marta, Victor Issler, S\u00e3o Jos\u00e9, Annes, Vila Rodrigues, Vila Luiza, Petr\u00f3polis, Valinhos, Planaltina, Cruzeiro e Lucas Ara\u00fajo.<\/p>\n<p>Todos os locais passaram por um protocolo de &#8220;pesquisa vetorial&#8221;, que busca o <strong>foco da doen\u00e7a em um raio de 150 metros <\/strong>para elimin\u00e1-lo.<\/p>\n<p>\u2014 Quando h\u00e1 presen\u00e7a de ovos na armadilha \u00e9 sinal que a f\u00eamea do Aedes aegypti est\u00e1 naquela regi\u00e3o. Quanto antes identificarmos o foco e eliminar esses criadores a gente garante que a circula\u00e7\u00e3o do vetor da doen\u00e7a nesses locais e bairros seja menor \u2014 explica Iv\u00e2nia.<\/p>\n<p><strong>Per\u00edodo cr\u00edtico \u00e9 de mar\u00e7o a maio<\/strong><\/p>\n<p>Historicamente, os <strong>meses com maior circula\u00e7\u00e3o da f\u00eamea do Aedes aegypti <\/strong>e de mais casos confirmados s\u00e3o <strong>mar\u00e7o, abril e maio.<\/strong> Por isso, \u00e9 fundamental manter a aten\u00e7\u00e3o, eliminando recipientes que possam acumular \u00e1gua parada e estar alerta a poss\u00edveis sintomas.<\/p>\n<p>\u2014 Contamos com a ajuda da popula\u00e7\u00e3o para fazer a <strong>limpeza dos quintais.<\/strong> E, claro, ao sentir febre associada a pelo menos dois sintomas, como dor no corpo e dor no fundo dos olhos, \u00e9 preciso suspeitar de dengue e fazer o teste em qualquer unidade de sa\u00fade.<\/p>\n<p><strong>Orienta\u00e7\u00f5es para eliminar os criadouros do mosquito<\/strong><\/p>\n<p>Para eliminar poss\u00edveis focos do mosquito Aedes aegypti, siga as orienta\u00e7\u00f5es:<\/p>\n<ul>\n<li class=\"unordered-list-item\">Mantenha as <strong>caixas d&#8217;\u00e1gua bem fechadas<\/strong>, com tela e tampa. O mesmo vale para baldes e ton\u00e9is;<\/li>\n<li class=\"unordered-list-item\">Opte por <strong>vasos de plantas sem pratinhos;<\/strong><\/li>\n<li class=\"unordered-list-item\">Guarde <strong>pneus em locais cobertos e secos<\/strong>. Caso prefira descartar, leve at\u00e9 o ecoponto no bairro S\u00e3o Luiz Gonzaga;<\/li>\n<li class=\"unordered-list-item\">Mantenha <strong>piscinas limpas e tratadas;<\/strong><\/li>\n<li class=\"unordered-list-item\">Descarte o lixo corretamente.<\/li>\n<\/ul>\n<p><strong>Onde denunciar \u00e1gua parada em Passo Fundo<\/strong><\/p>\n<p>Se voc\u00ea identificar pontos que possam proliferar o mosquito da dengue, denuncie nos canais oficiais da prefeitura:<\/p>\n<ul>\n<li class=\"unordered-list-item\">Em caso de \u00e1gua parada, entre em contato com a Secretaria de Sa\u00fade Vigil\u00e2ncia Ambiental pelos n\u00fameros (54) 99654-1444 ou (54) 3046-0073.<\/li>\n<li class=\"unordered-list-item\">Esgotos sem tratamento podem ser denunciados para a Secretaria do Meio Ambiente, pelo n\u00famero (54) 3312-9201.<\/li>\n<li class=\"unordered-list-item\">Casos de terrenos baldios devem ser levados \u00e0 Secretaria de Transportes e Servi\u00e7os Gerais atrav\u00e9s do (54) 3313-7576.<\/li>\n<\/ul>\n<p>\ud83e\udd33 <strong>Para ler mais sobre o que acontece na regi\u00e3o, entre no canal de GZH Passo Fundo no WhatsApp e receba as principais informa\u00e7\u00f5es do dia. <\/strong><a href=\"https:\/\/gzh.digital\/canalpf\" target=\"_blank\" title=\"https:\/\/gzh.digital\/canalpf\" rel=\"nofollow noopener\"><strong>Clique aqui e acesse.<\/strong><\/a><\/p>\n","protected":false},"excerpt":{"rendered":"Cidade encerrou ano sem mortes em decorr\u00eancia da doen\u00e7awitsawat \/ stock.adobe.com Passo Fundo encerrou o ano de 2025&hellip;\n","protected":false},"author":2,"featured_media":221721,"comment_status":"","ping_status":"","sticky":false,"template":"","format":"standard","meta":{"footnotes":""},"categories":[86],"tags":[1891,116,1497,32,33,117],"class_list":{"0":"post-221720","1":"post","2":"type-post","3":"status-publish","4":"format-standard","5":"has-post-thumbnail","7":"category-saude","8":"tag-dengue","9":"tag-health","10":"tag-norte-do-rs","11":"tag-portugal","12":"tag-pt","13":"tag-saude"},"share_on_mastodon":{"url":"https:\/\/pubeurope.com\/@pt\/115864024091760081","error":""},"_links":{"self":[{"href":"https:\/\/www.europesays.com\/pt\/wp-json\/wp\/v2\/posts\/221720","targetHints":{"allow":["GET"]}}],"collection":[{"href":"https:\/\/www.europesays.com\/pt\/wp-json\/wp\/v2\/posts"}],"about":[{"href":"https:\/\/www.europesays.com\/pt\/wp-json\/wp\/v2\/types\/post"}],"author":[{"embeddable":true,"href":"https:\/\/www.europesays.com\/pt\/wp-json\/wp\/v2\/users\/2"}],"replies":[{"embeddable":true,"href":"https:\/\/www.europesays.com\/pt\/wp-json\/wp\/v2\/comments?post=221720"}],"version-history":[{"count":0,"href":"https:\/\/www.europesays.com\/pt\/wp-json\/wp\/v2\/posts\/221720\/revisions"}],"wp:featuredmedia":[{"embeddable":true,"href":"https:\/\/www.europesays.com\/pt\/wp-json\/wp\/v2\/media\/221721"}],"wp:attachment":[{"href":"https:\/\/www.europesays.com\/pt\/wp-json\/wp\/v2\/media?parent=221720"}],"wp:term":[{"taxonomy":"category","embeddable":true,"href":"https:\/\/www.europesays.com\/pt\/wp-json\/wp\/v2\/categories?post=221720"},{"taxonomy":"post_tag","embeddable":true,"href":"https:\/\/www.europesays.com\/pt\/wp-json\/wp\/v2\/tags?post=221720"}],"curies":[{"name":"wp","href":"https:\/\/api.w.org\/{rel}","templated":true}]}}