{"id":221726,"date":"2026-01-09T07:47:09","date_gmt":"2026-01-09T07:47:09","guid":{"rendered":"https:\/\/www.europesays.com\/pt\/221726\/"},"modified":"2026-01-09T07:47:09","modified_gmt":"2026-01-09T07:47:09","slug":"paris-e-berlim-sobem-o-tom-das-criticas-aos-eua-por-causa-da-gronelandia-diario-de-noticias","status":"publish","type":"post","link":"https:\/\/www.europesays.com\/pt\/221726\/","title":{"rendered":"Paris e Berlim sobem o tom das cr\u00edticas aos EUA por causa da Gronel\u00e2ndia &#8211; Di\u00e1rio de Not\u00edcias"},"content":{"rendered":"<ol>\n<li><a href=\"https:\/\/news.google.com\/rss\/articles\/CBMipAFBVV95cUxNLXVmci1mYU1HQmZIb2xaY0hWSFh5Zmh3ZDdDTUZmc0RUN1N4QzBMaEtKcTBncEFlaEhkN1lZOUNiMXJCemFxWjYtNVlKUHJkRk40RDh4TWJWQU5uWEdQNlRzLVhITTlLenljTF9PdzdnWE5pS0NuSEJjSXQwTTE1QUNkSzBpU2tZNnJLeVlaTWFzM1BJc3ZMblhQeDFqc0huekFEQg?oc=5\" target=\"_blank\" rel=\"nofollow noopener\">Paris e Berlim sobem o tom das cr\u00edticas aos EUA por causa da Gronel\u00e2ndia<\/a>&nbsp;&nbsp;Di\u00e1rio de Not\u00edcias<\/li>\n<li><a href=\"https:\/\/news.google.com\/rss\/articles\/CBMivgFBVV95cUxPbnJkVko5V3ZvakxBTWVkQmhaZ2tJR2xvd0k3UlhOc2NtS1NKd3VXN0pRODlfNnlydWx0SkhvSGZCRUJYWEZzczA5YmZpaHlVZDQ4bmpHTUhGellabF9QaGRpNjM0cW54eVRwVUxtNHljWlBEbVVVN0x6WjIycHc5QndZMS1mNHFVUEJIOUtLNEl4NFdmei1nbUJlZnk5S0FtY2U4M0ZnMjVWTmx4SFRBMERxc1Z1VXlOQzdTeUF30gHMAUFVX3lxTFAtenI5Ml9RbVhQMTFKWFNQdXVmR0FVeEZPblRfWEgxcVpCM3lyTXFRcW9JbTBzMmFIVzhHRmlrVHpOM0hzUUtlMUJLVU9scmpNYlY5RkR1VTNmeGdfWW96OHFPb20wTTJIcnM5M3FnSmpVZVc3UnAyQ2MzY1BmaV9zZUtUWjI5bkNyMUN2YlVycUc3U0ppMG1mNlZUWGplZDBMdWNCOVR4TzE1dHJ1U2xVUmlxWWFMLWZrQm1mZ3hub1RubEdlR04zS0FRNQ?oc=5\" target=\"_blank\" rel=\"nofollow noopener\">Macron acusa Estados Unidos de desrespeitar normas internacionais<\/a>&nbsp;&nbsp;O Globo<\/li>\n<li><a href=\"https:\/\/news.google.com\/rss\/articles\/CBMisAFBVV95cUxNZlpMcS10eWhoNk5kbDdqd0ZYQTB3MF9HSzR0dEhXRmIwcVRkVnk3TEpGZVBoMDZrYXpLaVB6a1ZUdEp1RzVtUng0ME00Tk5iN1ZZV25sN2Npb2hVa3kxM3Jqazd3Sm0yTUFpTGlzWmlIUEpzLW5nN045QVplY213OFNfei1TaTR0RzdoWW5WZTZlNW1INEdxMl85WW1uY1Uwckl1eUlIZFBSTzlydndMaw?oc=5\" target=\"_blank\" rel=\"nofollow noopener\">Macron acusa EUA de se afastarem de aliados e romperem com ordem internacional<\/a>&nbsp;&nbsp;VEJA<\/li>\n<li><a href=\"https:\/\/news.google.com\/rss\/articles\/CBMilwJBVV95cUxNQ2J5bGp2S2l3anRYRHpMUTRuS0Y3MFBoNXUtTHZlRERlREYxNXpDMGpucjFfX3h3SHdaaGgwQzJfbFlqejdUNTN4OUVteDltek9RbnFlcWNwRlVkRHQtajV0RWJwSFNSZXIzbzJRVi14Tm5wSTVQZG1JTHozeWl4blZhVUlaOWgwOElWOUIzRndULXhhaGJtNWRkNkM4ZllDaWVockJKQTdPenlZdHpjeFZmSTRMYzNPTG52SUp0bk9ZelVtUnBWWTJqaDRFS0ctT3BiMXJxRWlpZFJINkR5anRoNDVNUm05RmdtaW9OQU5SXzRTN3lEeGM3ZjNfT1ZfNEh6dEo3cVg5QzFOdlZlWVFwWTFFcW8?oc=5\" target=\"_blank\" rel=\"nofollow noopener\">Ex-presidente franc\u00eas defende autonomia estrat\u00e9gica europeia diante de &#8216;ruptura&#8217; gerada por Trump<\/a>&nbsp;&nbsp;Terra<\/li>\n<li><a href=\"https:\/\/news.google.com\/rss\/articles\/CBMiuAFBVV95cUxPU0RlVkdpUnF0clVUMGRXU1NmSWxqRmp0MnBZR3N5bnJ6TzZqaWphTkVEYTVmcVZLQzNrTUpZU1pMY1JodmRlNWdBVkhxRHdEVDhFUHVpRU0wS2pQbzVHM3dONVRXdjQ0QmR6MWVwN1ppcl9uNzQzbnduMmNWR1RESzFTVldYTkdrVGtiSk5mWXZTZHk5R0U1VVUzWm5tRXI1d0tLM1J1T2w2Sl9fb2ljTEZXeGlYdGFN0gG-AUFVX3lxTE5FMlRiSzgxaXE3RTlNQlNSX1NpeVlsQlY4RXRuMEJhWEhRcDk0T1RjaTM1Si03d3V0RHZWZ3diNWRhaEVBOXlnU2FxZDJyNWhkM0trLTZCVnk0QzJWWnNOdXhhZW5BZERNaHpFaDU2am50VndHV0dDUXl4Z1VzMkNMeDlGN0JOcl91VGZPMWpMSWplVUR5enVYVnFxbm14eGRwR0pIOHh1ZzA0c3NKNUtlZHNyWGk2bE5laml6YVE?oc=5\" target=\"_blank\" rel=\"nofollow noopener\">Presidente franc\u00eas Macron critica os EUA por desrespeitar o direito internacional<\/a>&nbsp;&nbsp;InfoMoney<\/li>\n<\/ol>\n","protected":false},"excerpt":{"rendered":"Paris e Berlim sobem o tom das cr\u00edticas aos EUA por causa da Gronel\u00e2ndia&nbsp;&nbsp;Di\u00e1rio de Not\u00edcias Macron acusa&hellip;\n","protected":false},"author":2,"featured_media":221727,"comment_status":"","ping_status":"","sticky":false,"template":"","format":"standard","meta":{"footnotes":""},"categories":[50],"tags":[27,28,306,447,235,15,16,42854,13033,14,25,26,21,22,62,12,13,19,20,23,24,17,18,29,30,31,63,64,65],"class_list":{"0":"post-221726","1":"post","2":"type-post","3":"status-publish","4":"format-standard","5":"has-post-thumbnail","7":"category-mundo","8":"tag-breaking-news","9":"tag-breakingnews","10":"tag-edicao-impressa","11":"tag-emmanuel-macron","12":"tag-estados-unidos","13":"tag-featured-news","14":"tag-featurednews","15":"tag-frank-walter-steinmeier","16":"tag-gronelandia","17":"tag-headlines","18":"tag-latest-news","19":"tag-latestnews","20":"tag-main-news","21":"tag-mainnews","22":"tag-mundo","23":"tag-news","24":"tag-noticias","25":"tag-noticias-principais","26":"tag-noticiasprincipais","27":"tag-principais-noticias","28":"tag-principaisnoticias","29":"tag-top-stories","30":"tag-topstories","31":"tag-ultimas","32":"tag-ultimas-noticias","33":"tag-ultimasnoticias","34":"tag-world","35":"tag-world-news","36":"tag-worldnews"},"share_on_mastodon":{"url":"","error":"Validation failed: Text character limit of 500 exceeded"},"_links":{"self":[{"href":"https:\/\/www.europesays.com\/pt\/wp-json\/wp\/v2\/posts\/221726","targetHints":{"allow":["GET"]}}],"collection":[{"href":"https:\/\/www.europesays.com\/pt\/wp-json\/wp\/v2\/posts"}],"about":[{"href":"https:\/\/www.europesays.com\/pt\/wp-json\/wp\/v2\/types\/post"}],"author":[{"embeddable":true,"href":"https:\/\/www.europesays.com\/pt\/wp-json\/wp\/v2\/users\/2"}],"replies":[{"embeddable":true,"href":"https:\/\/www.europesays.com\/pt\/wp-json\/wp\/v2\/comments?post=221726"}],"version-history":[{"count":0,"href":"https:\/\/www.europesays.com\/pt\/wp-json\/wp\/v2\/posts\/221726\/revisions"}],"wp:featuredmedia":[{"embeddable":true,"href":"https:\/\/www.europesays.com\/pt\/wp-json\/wp\/v2\/media\/221727"}],"wp:attachment":[{"href":"https:\/\/www.europesays.com\/pt\/wp-json\/wp\/v2\/media?parent=221726"}],"wp:term":[{"taxonomy":"category","embeddable":true,"href":"https:\/\/www.europesays.com\/pt\/wp-json\/wp\/v2\/categories?post=221726"},{"taxonomy":"post_tag","embeddable":true,"href":"https:\/\/www.europesays.com\/pt\/wp-json\/wp\/v2\/tags?post=221726"}],"curies":[{"name":"wp","href":"https:\/\/api.w.org\/{rel}","templated":true}]}}