{"id":221732,"date":"2026-01-09T07:57:08","date_gmt":"2026-01-09T07:57:08","guid":{"rendered":"https:\/\/www.europesays.com\/pt\/221732\/"},"modified":"2026-01-09T07:57:08","modified_gmt":"2026-01-09T07:57:08","slug":"estudo-aponta-para-recuperacao-de-peso-apos-interrupcao-do-tratamento-antiobesidade","status":"publish","type":"post","link":"https:\/\/www.europesays.com\/pt\/221732\/","title":{"rendered":"Estudo aponta para recupera\u00e7\u00e3o de peso ap\u00f3s interrup\u00e7\u00e3o do tratamento antiobesidade"},"content":{"rendered":"<p>&#13;<br \/>\nA investiga\u00e7\u00e3o publicada na quinta-feira destacou os efeitos negativos da perda de peso inicial significativa, bem como as limita\u00e7\u00f5es do uso isolado de medicamentos.&#13;\n<\/p>\n<p>&#13;<br \/>\nA nova gera\u00e7\u00e3o de tratamentos para a diabetes e obesidade, que potencia a a\u00e7\u00e3o de uma hormona que afeta a secre\u00e7\u00e3o de insulina (GLP-1, abreviatura de pept\u00eddeo semelhante \u00e0 glicose-1) e, de forma mais abrangente, a sensa\u00e7\u00e3o de saciedade, tornou-se extremamente popular nos \u00faltimos anos nos pa\u00edses mais desenvolvidos.&#13;\n<\/p>\n<p>&#13;<br \/>\nA Organiza\u00e7\u00e3o Mundial de Sa\u00fade (OMS) chegou a inclu\u00ed-la na sua lista de medicamentos essenciais em setembro, al\u00e9m de ter solicitado vers\u00f5es gen\u00e9ricas mais acess\u00edveis para as popula\u00e7\u00f5es dos pa\u00edses em desenvolvimento.&#13;\n<\/p>\n<p>&#13;<br \/>\nEstes tratamentos demonstraram, nomeadamente, ajudar as pessoas a perder entre 15% e 20% do seu peso corporal.&#13;\n<\/p>\n<p>&#13;<br \/>\n&#8220;Tudo isto parece uma boa not\u00edcia&#8221;, observou Susan Jebb, especialista em nutri\u00e7\u00e3o em sa\u00fade p\u00fablica da Universidade de Oxford e coautora do novo estudo publicado na revista m\u00e9dica BMJ. &#13;\n<\/p>\n<p>&#13;<br \/>\nMas dados recentes sugerem que &#8220;cerca de metade das pessoas interrompe o uso destes medicamentos no espa\u00e7o de um ano&#8221;, destacou numa confer\u00eancia de imprensa.&#13;\n<\/p>\n<p>&#13;<br \/>\nIsto pode ser explicado pelos efeitos secund\u00e1rios comuns, como n\u00e1useas, ou pelos custos muito elevados, que podem ultrapassar os 1.000 d\u00f3lares por m\u00eas para alguns doentes nos Estados Unidos &#8212;\u00a0embora os pre\u00e7os tenham come\u00e7ado a diminuir para outros.&#13;\n<\/p>\n<p>&#13;<br \/>\nDepois de analisarem 37 estudos sobre a interrup\u00e7\u00e3o de v\u00e1rios tratamentos para a perda de peso, os investigadores descobriram que os participantes recuperaram cerca de 0,4 kg por m\u00eas.&#13;\n<\/p>\n<p>&#13;<br \/>\nSeis dos ensaios cl\u00ednicos focaram-se na semaglutida, o princ\u00edpio ativo do Ozempic, indicado para a diabetes tipo 2, e no medicamento para a obesidade Wegovy, da gigante farmac\u00eautica dinamarquesa Novo Nordisk, bem como na tirzepatida, utilizada no Mounjaro, da Eli Lilly.&#13;\n<\/p>\n<p>&#13;<br \/>\nDurante a utiliza\u00e7\u00e3o destes dois medicamentos, os participantes destes ensaios perderam, em m\u00e9dia, quase 15 quilos.&#13;\n<\/p>\n<p>&#13;<br \/>\nAp\u00f3s interromperem o tratamento, recuperaram 10 quilos num ano &#8212;\u00a0o per\u00edodo de seguimento mais longo para estes medicamentos relativamente novos.&#13;\n<\/p>\n<p>&#13;<br \/>\nE, de acordo com uma proje\u00e7\u00e3o dos investigadores, os doentes voltar\u00e3o ao seu peso inicial em m\u00e9dia em 18 meses. &#13;\n<\/p>\n<p>&#13;<br \/>\nOs indicadores cardiovasculares, incluindo a press\u00e3o arterial e os n\u00edveis de colesterol, voltaram aos n\u00edveis originais ap\u00f3s 1,4 anos.&#13;\n<\/p>\n<p>&#13;<br \/>\nEnquanto isso, aqueles que seguiram programas combinando dieta e exerc\u00edcio, sem medica\u00e7\u00e3o, perderam significativamente menos peso. Mas demoraram, em m\u00e9dia, quatro anos a recuperar o peso perdido.&#13;\n<\/p>\n<p>&#13;<br \/>\nRegra geral, &#8220;uma perda de peso significativa tende a levar a uma recupera\u00e7\u00e3o de peso mais r\u00e1pida&#8221;, explicou Sam West, autor principal do estudo, da Universidade de Oxford.&#13;\n<\/p>\n<p>&#13;<br \/>\nMas o aumento de peso \u00e9, de acordo com uma an\u00e1lise separada, &#8220;sistematicamente mais r\u00e1pido ap\u00f3s o uso de medicamentos, independentemente da perda de peso inicial&#8221;, acrescentou.&#13;\n<\/p>\n<p>&#13;<br \/>\nUma poss\u00edvel explica\u00e7\u00e3o \u00e9 que as pessoas que aprenderam a comer de forma mais saud\u00e1vel e a fazer mais exerc\u00edcio continuam a faz\u00ea-lo mesmo quando recuperam o peso.&#13;\n<\/p>\n<p>&#13;<br \/>\nEmbora os medicamentos GLP-1 &#8220;sejam uma ferramenta verdadeiramente valiosa no tratamento da obesidade, a obesidade \u00e9 uma doen\u00e7a cr\u00f3nica e recorrente&#8221;, salientou Susan Jebb. &#13;\n<\/p>\n<p>&#13;<br \/>\nE &#8220;pode-se esperar que estes tratamentos precisem de ser continuados durante toda a vida, como os medicamentos para a hipertens\u00e3o&#8221;.&#13;<\/p>\n","protected":false},"excerpt":{"rendered":"&#13; A investiga\u00e7\u00e3o publicada na quinta-feira destacou os efeitos negativos da perda de peso inicial significativa, bem como&hellip;\n","protected":false},"author":2,"featured_media":151896,"comment_status":"","ping_status":"","sticky":false,"template":"","format":"standard","meta":{"footnotes":""},"categories":[86],"tags":[116,4123,32,33,27385,117,42855],"class_list":{"0":"post-221732","1":"post","2":"type-post","3":"status-publish","4":"format-standard","5":"has-post-thumbnail","7":"category-saude","8":"tag-health","9":"tag-mounjaro","10":"tag-portugal","11":"tag-pt","12":"tag-regra","13":"tag-saude","14":"tag-susan-jebb"},"share_on_mastodon":{"url":"https:\/\/pubeurope.com\/@pt\/115864079081175369","error":""},"_links":{"self":[{"href":"https:\/\/www.europesays.com\/pt\/wp-json\/wp\/v2\/posts\/221732","targetHints":{"allow":["GET"]}}],"collection":[{"href":"https:\/\/www.europesays.com\/pt\/wp-json\/wp\/v2\/posts"}],"about":[{"href":"https:\/\/www.europesays.com\/pt\/wp-json\/wp\/v2\/types\/post"}],"author":[{"embeddable":true,"href":"https:\/\/www.europesays.com\/pt\/wp-json\/wp\/v2\/users\/2"}],"replies":[{"embeddable":true,"href":"https:\/\/www.europesays.com\/pt\/wp-json\/wp\/v2\/comments?post=221732"}],"version-history":[{"count":0,"href":"https:\/\/www.europesays.com\/pt\/wp-json\/wp\/v2\/posts\/221732\/revisions"}],"wp:featuredmedia":[{"embeddable":true,"href":"https:\/\/www.europesays.com\/pt\/wp-json\/wp\/v2\/media\/151896"}],"wp:attachment":[{"href":"https:\/\/www.europesays.com\/pt\/wp-json\/wp\/v2\/media?parent=221732"}],"wp:term":[{"taxonomy":"category","embeddable":true,"href":"https:\/\/www.europesays.com\/pt\/wp-json\/wp\/v2\/categories?post=221732"},{"taxonomy":"post_tag","embeddable":true,"href":"https:\/\/www.europesays.com\/pt\/wp-json\/wp\/v2\/tags?post=221732"}],"curies":[{"name":"wp","href":"https:\/\/api.w.org\/{rel}","templated":true}]}}