{"id":221734,"date":"2026-01-09T08:02:06","date_gmt":"2026-01-09T08:02:06","guid":{"rendered":"https:\/\/www.europesays.com\/pt\/221734\/"},"modified":"2026-01-09T08:02:06","modified_gmt":"2026-01-09T08:02:06","slug":"as-5-previsoes-de-baba-vanga-para-2026-que-estao-dando-o-que-falar","status":"publish","type":"post","link":"https:\/\/www.europesays.com\/pt\/221734\/","title":{"rendered":"As 5 previs\u00f5es de Baba Vanga para 2026 que est\u00e3o dando o que falar"},"content":{"rendered":"<p>As supostas profecias de <a href=\"https:\/\/www.tupi.fm\/astrologia\/as-revelacoes-de-baba-vanga-prometem-fortuna-esses-signos\/\" target=\"_blank\" rel=\"noopener noreferrer nofollow\">Baba Vanga<\/a>, a famosa vidente b\u00falgara que faleceu em 1996, continuam a gerar fasc\u00ednio e debate a cada ano. Para 2026, uma s\u00e9rie de previs\u00f5es atribu\u00eddas a ela est\u00e1 ganhando destaque, misturando alertas sobre o futuro da geopol\u00edtica com vislumbres de esperan\u00e7a para a humanidade. Conhecida como a \u201cNostradamus dos B\u00e1lc\u00e3s\u201d, suas vis\u00f5es teriam antecipado eventos como o 11 de setembro e o desastre de Chernobyl, embora muitas outras previs\u00f5es n\u00e3o tenham se concretizado.<\/p>\n<p>\u00c9 crucial notar que n\u00e3o existem registros escritos oficiais de suas profecias; elas foram transmitidas oralmente e, por isso, est\u00e3o sujeitas a diferentes interpreta\u00e7\u00f5es e distor\u00e7\u00f5es. Int\u00e9rpretes de suas vis\u00f5es compilaram uma lista de eventos que poderiam moldar o mundo nos pr\u00f3ximos anos. Para 2026, cinco se destacam pelo seu impacto global.<\/p>\n<p>Leia Mais<\/p>\n<p>As principais previs\u00f5es para 2026<\/p>\n<p>As vis\u00f5es atribu\u00eddas \u00e0 vidente para este per\u00edodo espec\u00edfico apontam para <a href=\"https:\/\/www.tupi.fm\/astrologia\/horoscopo-chines-de-2026-revela-transformacoes-intensas-para-quatro-signos-especificos\/\" target=\"_blank\" rel=\"noopener noreferrer nofollow\">transforma\u00e7\u00f5es dr\u00e1sticas<\/a> em diversas \u00e1reas, da tecnologia \u00e0 geopol\u00edtica e \u00e0 medicina.<\/p>\n<ol>\n<li><strong>Contato com vida extraterrestre:<\/strong> talvez a mais surpreendente das previs\u00f5es, int\u00e9rpretes afirmam que Baba Vanga previu que a humanidade far\u00e1 o primeiro contato com uma civiliza\u00e7\u00e3o alien\u00edgena em 2026. A profecia n\u00e3o detalha a natureza desse encontro, deixando em aberto se seria pac\u00edfico ou hostil.<\/li>\n<li><strong>A ascens\u00e3o do \u201cdrag\u00e3o\u201d:<\/strong> uma de suas profecias mais citadas menciona que um \u201cdrag\u00e3o forte\u201d tomar\u00e1 o controle do planeta. Muitos acreditam que a figura de linguagem se refere \u00e0 China, que se consolidaria como a principal superpot\u00eancia mundial, superando os Estados Unidos em influ\u00eancia econ\u00f4mica e militar.<\/li>\n<li><strong>Avan\u00e7os no diagn\u00f3stico do c\u00e2ncer:<\/strong> em vez de uma cura definitiva, a previs\u00e3o para 2026 aponta para um grande avan\u00e7o no diagn\u00f3stico precoce do c\u00e2ncer. Isso poderia envolver o desenvolvimento de testes capazes de detectar a doen\u00e7a antes mesmo do surgimento dos primeiros sintomas, aumentando drasticamente as chances de tratamento bem-sucedido.<\/li>\n<li><strong>Escalada de conflitos globais:<\/strong> a vidente tamb\u00e9m teria alertado para um per\u00edodo de <a href=\"https:\/\/www.tupi.fm\/astrologia\/2026-sera-um-ano-de-mudancas-veja-o-que-a-astrologia-aponta\/\" target=\"_blank\" rel=\"noopener noreferrer nofollow\">grande instabilidade geopol\u00edtica<\/a>. A profecia sugere um aumento nas tens\u00f5es entre na\u00e7\u00f5es, podendo levar a novos conflitos ou \u00e0 escalada de guerras j\u00e1 existentes, alterando o equil\u00edbrio de poder mundial.<\/li>\n<li><strong>Dom\u00ednio da Intelig\u00eancia Artificial:<\/strong> Baba Vanga teria previsto que a IA alcan\u00e7aria um novo patamar, tornando-se uma for\u00e7a dominante em setores-chave da sociedade. Isso poderia <a href=\"https:\/\/www.tupi.fm\/astrologia\/2026-sera-o-ano-desses-signos-e-muitas-mudancas-importantes-ja-comecam-a-se-desenhar\/\" target=\"_blank\" rel=\"noopener noreferrer nofollow\">transformar o mercado de trabalho<\/a> e a forma como a humanidade interage com a tecnologia, levantando quest\u00f5es sobre controle e autonomia.<\/li>\n<\/ol>\n<p>Vangelia Gushterova, seu nome de batismo, perdeu a vis\u00e3o aos 12 anos e afirmou que foi a partir desse momento que come\u00e7ou a ter <a href=\"https:\/\/www.tupi.fm\/astrologia\/voce-nao-vai-acreditar-nestas-previsoes-financeiras-dos-signos-para-o-proximo-ano\/\" target=\"_blank\" rel=\"noopener noreferrer nofollow\">vis\u00f5es sobre o futuro<\/a>. Suas profecias s\u00e3o conhecidas por serem vagas e abertas a m\u00faltiplas interpreta\u00e7\u00f5es, o que, somado \u00e0 falta de provas documentais, alimenta tanto o ceticismo quanto a cren\u00e7a em seus supostos poderes.<\/p>\n<p>Uma ferramenta de IA foi usada para auxiliar na produ\u00e7\u00e3o desta reportagem, sob supervis\u00e3o editorial humana.<\/p>\n","protected":false},"excerpt":{"rendered":"As supostas profecias de Baba Vanga, a famosa vidente b\u00falgara que faleceu em 1996, continuam a gerar fasc\u00ednio&hellip;\n","protected":false},"author":2,"featured_media":221735,"comment_status":"","ping_status":"","sticky":false,"template":"","format":"standard","meta":{"footnotes":""},"categories":[50],"tags":[12787,27,28,42858,5250,5963,4936,15,16,14,25,26,21,22,62,12,13,19,20,42856,23,24,2145,17,18,29,30,31,42857,63,64,65],"class_list":{"0":"post-221734","1":"post","2":"type-post","3":"status-publish","4":"format-standard","5":"has-post-thumbnail","7":"category-mundo","8":"tag-baba","9":"tag-breaking-news","10":"tag-breakingnews","11":"tag-dando","12":"tag-es","13":"tag-est","14":"tag-falar","15":"tag-featured-news","16":"tag-featurednews","17":"tag-headlines","18":"tag-latest-news","19":"tag-latestnews","20":"tag-main-news","21":"tag-mainnews","22":"tag-mundo","23":"tag-news","24":"tag-noticias","25":"tag-noticias-principais","26":"tag-noticiasprincipais","27":"tag-previs","28":"tag-principais-noticias","29":"tag-principaisnoticias","30":"tag-que","31":"tag-top-stories","32":"tag-topstories","33":"tag-ultimas","34":"tag-ultimas-noticias","35":"tag-ultimasnoticias","36":"tag-vanga","37":"tag-world","38":"tag-world-news","39":"tag-worldnews"},"share_on_mastodon":{"url":"https:\/\/pubeurope.com\/@pt\/115864098752461414","error":""},"_links":{"self":[{"href":"https:\/\/www.europesays.com\/pt\/wp-json\/wp\/v2\/posts\/221734","targetHints":{"allow":["GET"]}}],"collection":[{"href":"https:\/\/www.europesays.com\/pt\/wp-json\/wp\/v2\/posts"}],"about":[{"href":"https:\/\/www.europesays.com\/pt\/wp-json\/wp\/v2\/types\/post"}],"author":[{"embeddable":true,"href":"https:\/\/www.europesays.com\/pt\/wp-json\/wp\/v2\/users\/2"}],"replies":[{"embeddable":true,"href":"https:\/\/www.europesays.com\/pt\/wp-json\/wp\/v2\/comments?post=221734"}],"version-history":[{"count":0,"href":"https:\/\/www.europesays.com\/pt\/wp-json\/wp\/v2\/posts\/221734\/revisions"}],"wp:featuredmedia":[{"embeddable":true,"href":"https:\/\/www.europesays.com\/pt\/wp-json\/wp\/v2\/media\/221735"}],"wp:attachment":[{"href":"https:\/\/www.europesays.com\/pt\/wp-json\/wp\/v2\/media?parent=221734"}],"wp:term":[{"taxonomy":"category","embeddable":true,"href":"https:\/\/www.europesays.com\/pt\/wp-json\/wp\/v2\/categories?post=221734"},{"taxonomy":"post_tag","embeddable":true,"href":"https:\/\/www.europesays.com\/pt\/wp-json\/wp\/v2\/tags?post=221734"}],"curies":[{"name":"wp","href":"https:\/\/api.w.org\/{rel}","templated":true}]}}