{"id":221736,"date":"2026-01-09T08:05:23","date_gmt":"2026-01-09T08:05:23","guid":{"rendered":"https:\/\/www.europesays.com\/pt\/221736\/"},"modified":"2026-01-09T08:05:23","modified_gmt":"2026-01-09T08:05:23","slug":"bebe-da-influencer-rayza-nicacio-recebe-diagnostico-raro-e-passa-por-cirurgia","status":"publish","type":"post","link":"https:\/\/www.europesays.com\/pt\/221736\/","title":{"rendered":"Beb\u00ea da influencer Rayza Nic\u00e1cio recebe diagn\u00f3stico raro e passa por cirurgia"},"content":{"rendered":"<p>A influenciadora digital <strong>Rayza Nic\u00e1cio<\/strong>, que mais de 1,3 milh\u00e3o de seguidores no Instagram e tamb\u00e9m no YouTube, contou que seu filho, <strong>Ben\u00edcio<\/strong>, de menos de 1 ano, recebeu um diagn\u00f3stico logo depois do nascimento. Em um v\u00eddeo emocionante, ela contou o que os m\u00e9dicos falaram sobre a condi\u00e7\u00e3o do beb\u00ea, que precisou passar por uma cirurgia com quatro meses de vida e ainda deve fazer mais interven\u00e7\u00f5es cir\u00fargicas ao longo do crescimento.<\/p>\n<p>Rayza contou que o filho foi diagnosticado com cranioestenose, que \u00e9 um condi\u00e7\u00e3o que afeta a forma\u00e7\u00e3o do cr\u00e2nio. Nesta condi\u00e7\u00e3o, as suturas dos peda\u00e7os de ossos do cr\u00e2nio se formam antes do previsto e podem causar problemas no desenvolvimento da crian\u00e7a.<\/p>\n<p>A influencer contou que o beb\u00ea precisou passar por uma cirurgia com quatro meses de vida e est\u00e1 bem, mas pode precisar de outros procedimentos cir\u00fargicos ao longo do crescimento.<\/p>\n<p> O relato de uma m\u00e3e <\/p>\n<p>Em um v\u00eddeo comovente, Rayza chorou ao falar sobre a condi\u00e7\u00e3o do seu filho e como est\u00e1 lidando com o diagn\u00f3stico. \u201cQuando ele nasceu, ele precisou de UTI por uma insufici\u00eancia respirat\u00f3ria e observa\u00e7\u00e3o por uns dias. O diagn\u00f3stico j\u00e1 foi mencionado com o pai dele desde o primeiro dia de vida, mas eu estava em N\u00e1rnia. Ent\u00e3o, eu considero que eu realmente soube quais seriam os pr\u00f3ximos passos a partir do sexto dia de vida dele. O Ben\u00edcio nasceu com uma condi\u00e7\u00e3o chamada cranioestenose\u201c, disse ela.<\/p>\n<p>E explicou o que ouviu dos m\u00e9dicos: \u201c\u00c0 grosso modo, \u00e9 quando a moleirinha da cabe\u00e7a do beb\u00ea nasce fechada. As suturas do cr\u00e2nio do beb\u00ea s\u00f3 terminam de se fechar aos 2 anos de idade. E, nosso cr\u00e2nio, quando a gente \u00e9 pequeno, tem v\u00e1rias suturas. Acontece que, nos casos de cranioestenose, uma ou mais suturas do cr\u00e2nio do beb\u00ea nascem fechadas, \u00e9 uma falha qu\u00edmica, e elas se fecham antes do crescimento do c\u00e9rebro da crian\u00e7a. Pode ser uma cranioestenose simples, quando uma sutura se fecha. Ou uma cranioestenose complexa, quando m\u00faltiplas \u2013 duas ou mais \u2013 suturas se fecham, que \u00e9 o caso do meu beb\u00ea. Nossa m\u00e9dica, com d\u00e9cadas de experi\u00eancia, nas palavras dela \u00e9 uma das cranioestenoses mais complexas e raras que ela conhece, \u00e9 o caso do meu beb\u00ea\u201c.<\/p>\n<p>Por fim, ela contou que vai compartilhar a sua trajet\u00f3ria aos poucos na internet. \u201cProcessar isso tudo me levou a lugares em mim que eu n\u00e3o conhecia. Meu beb\u00ea precisou passar por uma cirurgia no dia 15 de outubro de 2025, perto dos 5 meses de vida. Ele precisou de uma cirurgia grande no cr\u00e2nio. N\u00f3s tivemos uma nova experi\u00eancia de UTI, dessa vez com um preparo emocional mais s\u00f3lido, mas mesmo assim foram dias de muitos desafios e dias de muita gra\u00e7a tamb\u00e9m. Ainda n\u00e3o sabemos quantas cirurgias ser\u00e3o necess\u00e1rias porque isso depende\u201c, afirmou.<\/p>\n<p>  O desabafo nas redes sociais <\/p>\n<p>No Instagram, Rayza Nic\u00e1cio fez um texto sobre o que est\u00e1 enfrentando junto com seu beb\u00ea. \u201cFato \u00e9 que o nascimento e, depois, o diagn\u00f3stico de cranioestenose do meu beb\u00ea me levaram ao p\u00f3, e s\u00f3 sobraram em mim duas coisas: sobreviver emocionalmente e mant\u00ea-lo bem. Acho que tenho sido mais exitosa na segunda miss\u00e3o do que na primeira. Acontece que \u201cmant\u00ea-lo bem\u201d depende necessariamente de que eu esteja bem, e estar bem depende do qu\u00e3o alinhada aos planos de Deus eu estou\u2026 N\u00e3o se preocupe, n\u00e3o estou me cobrando performance; estou me cobrando f\u00e9. Eu e o Pai temos um acordo: enquanto cuido das coisas d\u2019Ele, Ele cuida das minhas \u2014 o que \u00e9 claramente mais vantajoso para mim do que para Ele. Dito isso, por uma coisa lutarei em 2026: pela ALEGRIA. Eu trabalharei APESAR DE, eu sonharei APESAR DE, eu servirei APESAR DE. Todos n\u00f3s temos hist\u00f3rias dif\u00edceis para contar; e cabe a n\u00f3s escolher se as contaremos a partir das lentes da dor ou da vis\u00e3o do que \u00e9 eterno\u201c, afirmou.<\/p>\n<blockquote class=\"instagram-media\" style=\"background: #FFF; border: 0; border-radius: 3px; box-shadow: 0 0 1px 0 rgba(0,0,0,0.5),0 1px 10px 0 rgba(0,0,0,0.15); margin: 1px; max-width: 540px; min-width: 326px; padding: 0; width: calc(100% - 2px);\" data-instgrm-captioned=\"\" data-instgrm-permalink=\"https:\/\/www.instagram.com\/p\/DS55OCOAaya\/?utm_source=ig_embed&amp;utm_campaign=loading\" data-instgrm-version=\"14\"><\/blockquote>\n<p><strong>Leia tamb\u00e9m:<\/strong> <a href=\"https:\/\/caras.com.br\/bem-estar\/entenda-condicao-de-rafa-justus-adolescente-rebateu-criticas-quanto-sua-aparencia.phtml\" rel=\"nofollow noopener\" target=\"_blank\">Voc\u00ea sabia? Rafa Justus tamb\u00e9m foi diagnosticada com condi\u00e7\u00e3o no cr\u00e2nio ap\u00f3s o nascimento<\/a><\/p>\n<p>        <a href=\"https:\/\/caras.com.br\/autor\/priscilla-comoti\" rel=\"nofollow noopener\" target=\"_blank\">&#13;<br \/>\n          <img alt=\"Priscilla Comoti\" src=\"https:\/\/www.europesays.com\/pt\/wp-content\/uploads\/2026\/01\/1767945923_632_e53883bdf02c542f6517b68879e8cb08b27a1d55c4dfd53577e47d3ab6331a06.png\"  class=\"avatar avatar-115 photo rounded-circle mr-3\" height=\"115\" width=\"115\" loading=\"lazy\" decoding=\"async\"\/>        <\/a><\/p>\n<p>Priscilla Comoti \u00e9 editora de conte\u00fado do site CARAS. Ela \u00e9 formada em jornalismo e em audiovisual, j\u00e1 passou pelos sites Contigo!, Minha Novela, TiTiTi, Mais Novela e Portal M\u00e1rcia Piovesan. Escreve sobre celebridades, not\u00edcias sobre a fam\u00edlia real brit\u00e2nica, TV, reality show e novelas.<\/p>\n<p>\t                                            <script async src=\"\/\/www.instagram.com\/embed.js\"><\/script><\/p>\n","protected":false},"excerpt":{"rendered":"A influenciadora digital Rayza Nic\u00e1cio, que mais de 1,3 milh\u00e3o de seguidores no Instagram e tamb\u00e9m no YouTube,&hellip;\n","protected":false},"author":2,"featured_media":221737,"comment_status":"","ping_status":"","sticky":false,"template":"","format":"standard","meta":{"footnotes":""},"categories":[145],"tags":[211,210,114,115,32,33,42859],"class_list":{"0":"post-221736","1":"post","2":"type-post","3":"status-publish","4":"format-standard","5":"has-post-thumbnail","7":"category-celebridades","8":"tag-celebridades","9":"tag-celebrities","10":"tag-entertainment","11":"tag-entretenimento","12":"tag-portugal","13":"tag-pt","14":"tag-rayza-nicacio"},"share_on_mastodon":{"url":"https:\/\/pubeurope.com\/@pt\/115864110567855379","error":""},"_links":{"self":[{"href":"https:\/\/www.europesays.com\/pt\/wp-json\/wp\/v2\/posts\/221736","targetHints":{"allow":["GET"]}}],"collection":[{"href":"https:\/\/www.europesays.com\/pt\/wp-json\/wp\/v2\/posts"}],"about":[{"href":"https:\/\/www.europesays.com\/pt\/wp-json\/wp\/v2\/types\/post"}],"author":[{"embeddable":true,"href":"https:\/\/www.europesays.com\/pt\/wp-json\/wp\/v2\/users\/2"}],"replies":[{"embeddable":true,"href":"https:\/\/www.europesays.com\/pt\/wp-json\/wp\/v2\/comments?post=221736"}],"version-history":[{"count":0,"href":"https:\/\/www.europesays.com\/pt\/wp-json\/wp\/v2\/posts\/221736\/revisions"}],"wp:featuredmedia":[{"embeddable":true,"href":"https:\/\/www.europesays.com\/pt\/wp-json\/wp\/v2\/media\/221737"}],"wp:attachment":[{"href":"https:\/\/www.europesays.com\/pt\/wp-json\/wp\/v2\/media?parent=221736"}],"wp:term":[{"taxonomy":"category","embeddable":true,"href":"https:\/\/www.europesays.com\/pt\/wp-json\/wp\/v2\/categories?post=221736"},{"taxonomy":"post_tag","embeddable":true,"href":"https:\/\/www.europesays.com\/pt\/wp-json\/wp\/v2\/tags?post=221736"}],"curies":[{"name":"wp","href":"https:\/\/api.w.org\/{rel}","templated":true}]}}