{"id":221746,"date":"2026-01-09T08:17:06","date_gmt":"2026-01-09T08:17:06","guid":{"rendered":"https:\/\/www.europesays.com\/pt\/221746\/"},"modified":"2026-01-09T08:17:06","modified_gmt":"2026-01-09T08:17:06","slug":"rebeliao-de-autarcas-socialistas-do-norte-contraria-o-acordo-para-liderar-regioes","status":"publish","type":"post","link":"https:\/\/www.europesays.com\/pt\/221746\/","title":{"rendered":"Rebeli\u00e3o de autarcas socialistas do Norte contraria o acordo para liderar regi\u00f5es"},"content":{"rendered":"<p data-remotead-prev-elm=\"true\" data-remotead-elm-id=\"inread\">A elei\u00e7\u00e3o de \u00c1lvaro Santos para a presid\u00eancia da Comiss\u00e3o de Coordena\u00e7\u00e3o e Desenvolvimento Regional do Norte (CCDR-N) que, \u00e0 partida, parecia garantida por ter resultado de um acordo nacional entre PS e PSD, partidos com a esmagadora maioria dos eleitos do Poder Local na regi\u00e3o, afinal pode n\u00e3o ter contas assim t\u00e3o certas. \u00c9 que h\u00e1 muitos autarcas, sobretudo socialistas, que n\u00e3o tencionam seguir o entendimento nacional e preferem votar no atual presidente da Comiss\u00e3o, Ant\u00f3nio Cunha. No PSD, teme-se uma &#8220;rebeli\u00e3o&#8221; na fam\u00edlia socialista. No entanto, o PS nacional garante que vai &#8220;honrar&#8221; o pacto e assegura que \u00c1lvaro Santos tem o seu &#8220;apoio pol\u00edtico&#8221;.<\/p>\n","protected":false},"excerpt":{"rendered":"A elei\u00e7\u00e3o de \u00c1lvaro Santos para a presid\u00eancia da Comiss\u00e3o de Coordena\u00e7\u00e3o e Desenvolvimento Regional do Norte (CCDR-N)&hellip;\n","protected":false},"author":2,"featured_media":221747,"comment_status":"","ping_status":"","sticky":false,"template":"","format":"standard","meta":{"footnotes":""},"categories":[10],"tags":[27,28,35295,20018,2258,15,16,14,25,26,21,22,619,12,13,19,20,32,23,24,33,17,18,29,30,31],"class_list":{"0":"post-221746","1":"post","2":"type-post","3":"status-publish","4":"format-standard","5":"has-post-thumbnail","7":"category-portugal","8":"tag-breaking-news","9":"tag-breakingnews","10":"tag-ccdr","11":"tag-concelho-porto","12":"tag-eleicoes","13":"tag-featured-news","14":"tag-featurednews","15":"tag-headlines","16":"tag-latest-news","17":"tag-latestnews","18":"tag-main-news","19":"tag-mainnews","20":"tag-nacional","21":"tag-news","22":"tag-noticias","23":"tag-noticias-principais","24":"tag-noticiasprincipais","25":"tag-portugal","26":"tag-principais-noticias","27":"tag-principaisnoticias","28":"tag-pt","29":"tag-top-stories","30":"tag-topstories","31":"tag-ultimas","32":"tag-ultimas-noticias","33":"tag-ultimasnoticias"},"share_on_mastodon":{"url":"https:\/\/pubeurope.com\/@pt\/115864157692120621","error":""},"_links":{"self":[{"href":"https:\/\/www.europesays.com\/pt\/wp-json\/wp\/v2\/posts\/221746","targetHints":{"allow":["GET"]}}],"collection":[{"href":"https:\/\/www.europesays.com\/pt\/wp-json\/wp\/v2\/posts"}],"about":[{"href":"https:\/\/www.europesays.com\/pt\/wp-json\/wp\/v2\/types\/post"}],"author":[{"embeddable":true,"href":"https:\/\/www.europesays.com\/pt\/wp-json\/wp\/v2\/users\/2"}],"replies":[{"embeddable":true,"href":"https:\/\/www.europesays.com\/pt\/wp-json\/wp\/v2\/comments?post=221746"}],"version-history":[{"count":0,"href":"https:\/\/www.europesays.com\/pt\/wp-json\/wp\/v2\/posts\/221746\/revisions"}],"wp:featuredmedia":[{"embeddable":true,"href":"https:\/\/www.europesays.com\/pt\/wp-json\/wp\/v2\/media\/221747"}],"wp:attachment":[{"href":"https:\/\/www.europesays.com\/pt\/wp-json\/wp\/v2\/media?parent=221746"}],"wp:term":[{"taxonomy":"category","embeddable":true,"href":"https:\/\/www.europesays.com\/pt\/wp-json\/wp\/v2\/categories?post=221746"},{"taxonomy":"post_tag","embeddable":true,"href":"https:\/\/www.europesays.com\/pt\/wp-json\/wp\/v2\/tags?post=221746"}],"curies":[{"name":"wp","href":"https:\/\/api.w.org\/{rel}","templated":true}]}}