{"id":221748,"date":"2026-01-09T08:19:14","date_gmt":"2026-01-09T08:19:14","guid":{"rendered":"https:\/\/www.europesays.com\/pt\/221748\/"},"modified":"2026-01-09T08:19:14","modified_gmt":"2026-01-09T08:19:14","slug":"bruno-gagliasso-abre-album-em-familia-na-bahia-dias-felizes-ficam-pra-sempre","status":"publish","type":"post","link":"https:\/\/www.europesays.com\/pt\/221748\/","title":{"rendered":"Bruno Gagliasso abre \u00e1lbum em fam\u00edlia na Bahia: \u2018Dias felizes ficam pra sempre\u2019"},"content":{"rendered":"<p>O ator Bruno Gagliasso, de 43 anos, compartilhou nas redes sociais registros de dias de descanso vividos ao lado da fam\u00edlia na Bahia. A publica\u00e7\u00e3o re\u00fane fotos e v\u00eddeos que mostram momentos de lazer, contato com a natureza e conviv\u00eancia familiar durante a viagem.<\/p>\n<p><img decoding=\"async\" src=\"https:\/\/www.europesays.com\/pt\/wp-content\/uploads\/2026\/01\/brunogagliasso-1767900962-3805751568973783375-21025821.jpg\" alt=\"Bruno Gagliasso abre \u00e1lbum de dias em fam\u00edlia na Bahia \u2014 Foto: Reprodu\u00e7\u00e3o\/ Instagram\"\/><\/p>\n<p>Ao resumir a experi\u00eancia, o ator escreveu: \u201cDias felizes ficam pra sempre. Obrigado, Bahia. At\u00e9 breve\u201d. Nas imagens, ele aparece acompanhado da esposa, Giovanna Ewbank, de 39 anos, dos tr\u00eas filhos, T\u00edti, de 12, Bless, de 10, e Zyan, de 5, al\u00e9m de amigos.<\/p>\n<p><img decoding=\"async\" src=\"https:\/\/www.europesays.com\/pt\/wp-content\/uploads\/2026\/01\/brunogagliasso-1767900962-3805751568965422898-21025821.jpg\" alt=\"Bruno Gagliasso abre \u00e1lbum de dias em fam\u00edlia na Bahia \u2014 Foto: Reprodu\u00e7\u00e3o\/ Instagram\"\/><\/p>\n<p>A publica\u00e7\u00e3o gerou grande repercuss\u00e3o entre os seguidores, que deixaram diversas mensagens nos coment\u00e1rios. \u201cA maior riqueza\u201d, escreveu uma internauta. \u201cQue alegria de voc\u00eas\u201d, comentou outra. \u201cQue del\u00edcia!!!\u201d, disse um seguidor. Tamb\u00e9m houve elogios direcionados ao ator e \u00e0 fam\u00edlia. \u201cFam\u00edlia linda! Parab\u00e9ns, Bruno, voc\u00ea \u00e9 ic\u00f4nico\u201d, afirmou um f\u00e3.<\/p>\n<p><img decoding=\"async\" src=\"https:\/\/www.europesays.com\/pt\/wp-content\/uploads\/2026\/01\/brunogagliasso-1767900962-3805751568965370219-21025821.jpg\" alt=\"Bruno Gagliasso abre \u00e1lbum de dias em fam\u00edlia na Bahia \u2014 Foto: Reprodu\u00e7\u00e3o\/ Instagram\"\/><\/p>\n","protected":false},"excerpt":{"rendered":"O ator Bruno Gagliasso, de 43 anos, compartilhou nas redes sociais registros de dias de descanso vividos ao&hellip;\n","protected":false},"author":2,"featured_media":221749,"comment_status":"","ping_status":"","sticky":false,"template":"","format":"standard","meta":{"footnotes":""},"categories":[145],"tags":[211,210,114,115,32,33],"class_list":{"0":"post-221748","1":"post","2":"type-post","3":"status-publish","4":"format-standard","5":"has-post-thumbnail","7":"category-celebridades","8":"tag-celebridades","9":"tag-celebrities","10":"tag-entertainment","11":"tag-entretenimento","12":"tag-portugal","13":"tag-pt"},"share_on_mastodon":{"url":"https:\/\/pubeurope.com\/@pt\/115864165641024679","error":""},"_links":{"self":[{"href":"https:\/\/www.europesays.com\/pt\/wp-json\/wp\/v2\/posts\/221748","targetHints":{"allow":["GET"]}}],"collection":[{"href":"https:\/\/www.europesays.com\/pt\/wp-json\/wp\/v2\/posts"}],"about":[{"href":"https:\/\/www.europesays.com\/pt\/wp-json\/wp\/v2\/types\/post"}],"author":[{"embeddable":true,"href":"https:\/\/www.europesays.com\/pt\/wp-json\/wp\/v2\/users\/2"}],"replies":[{"embeddable":true,"href":"https:\/\/www.europesays.com\/pt\/wp-json\/wp\/v2\/comments?post=221748"}],"version-history":[{"count":0,"href":"https:\/\/www.europesays.com\/pt\/wp-json\/wp\/v2\/posts\/221748\/revisions"}],"wp:featuredmedia":[{"embeddable":true,"href":"https:\/\/www.europesays.com\/pt\/wp-json\/wp\/v2\/media\/221749"}],"wp:attachment":[{"href":"https:\/\/www.europesays.com\/pt\/wp-json\/wp\/v2\/media?parent=221748"}],"wp:term":[{"taxonomy":"category","embeddable":true,"href":"https:\/\/www.europesays.com\/pt\/wp-json\/wp\/v2\/categories?post=221748"},{"taxonomy":"post_tag","embeddable":true,"href":"https:\/\/www.europesays.com\/pt\/wp-json\/wp\/v2\/tags?post=221748"}],"curies":[{"name":"wp","href":"https:\/\/api.w.org\/{rel}","templated":true}]}}