{"id":221754,"date":"2026-01-09T08:27:25","date_gmt":"2026-01-09T08:27:25","guid":{"rendered":"https:\/\/www.europesays.com\/pt\/221754\/"},"modified":"2026-01-09T08:27:25","modified_gmt":"2026-01-09T08:27:25","slug":"o-meu-irmao-deu-me-um-tiro-na-cabeca-aos-4-anos-kina-faz-revelacao-chocante-e-a-historia-impressiona-primeira-companhia","status":"publish","type":"post","link":"https:\/\/www.europesays.com\/pt\/221754\/","title":{"rendered":"\u00abO meu irm\u00e3o deu-me um tiro na cabe\u00e7a aos 4 anos\u00bb. Kina faz revela\u00e7\u00e3o chocante e a hist\u00f3ria impressiona &#8211; Primeira Companhia"},"content":{"rendered":"<p data-end=\"819\" data-start=\"548\">Durante uma conversa casual, <a href=\"https:\/\/tvi.iol.pt\/primeiracompanhia\/video\/kina-conta-historia-impressionante-o-meu-irmao-deu-me-um-tiro-na-cabeca-aos-4-anos\/695f86850cf2b450a14672b1\" rel=\"nofollow noopener\" target=\"_blank\">Kina <\/a>decidiu falar de uma mem\u00f3ria que carrega desde muito cedo. \u00abO meu irm\u00e3o deu-me um tiro na cabe\u00e7a aos 4 anos e meio sem querer\u00bb, come\u00e7ou por contar, explicando que tudo aconteceu num contexto de brincadeira.<\/p>\n<p data-end=\"1085\" data-start=\"821\">Segundo a recruta, o irm\u00e3o acabou por pegar numa arma pertencente ao tio, sem ter no\u00e7\u00e3o do perigo. \u00abAgarrou na arma do meu tio e disse: \u201cvou-te matar\u201d\u00bb, recordou, sublinhando que n\u00e3o houve qualquer inten\u00e7\u00e3o maldosa, mas sim uma fatalidade com consequ\u00eancias graves.<\/p>\n<p data-end=\"1483\" data-start=\"1282\">Esta hist\u00f3ria n\u00e3o \u00e9 novidade para os telespectadores&#8230;<\/p>\n<p data-end=\"1483\" data-start=\"1282\">\u00a0<\/p>\n<p>Recorde a Curva da Vida de Kina e toda a hist\u00f3ria <\/p>\n<p style=\"margin-bottom:11px\">Aquando a sua participa\u00e7\u00e3o no Big Brother Ver\u00e3o, Kina apresentou a sua Curva da Vida, e foi uma das<a href=\"https:\/\/tvi.iol.pt\/bigbrother\/videos\/passaram-me-uma-certidao-de-obito-a-impressionante-e-dolorosa-curva-da-vida-de-kina\/686afb690cf20ac1d5f33e93\" rel=\"nofollow noopener\" target=\"_blank\">\u00a0mais marcantes de sempre na hist\u00f3ria dos reality shows<\/a>.\u00a0<strong>\u00abA minha m\u00e3e estava num trabalho de parto doloroso porque me tinha partido os p\u00e9s. Marcou-me muito porque via todas as crian\u00e7as a andar e a gatinhar e eu estava sempre ao colo\u00bb<\/strong>, come\u00e7ou por revelar.<\/p>\n<p style=\"margin-bottom:11px\">Depois, Kina recordou uma vaga de sarampo que infetou todas as crian\u00e7as da sua zona e quando ela pensava que tinha escapado, adoeceu:\u00a0<strong>\u00abEu morro, tive uma paragem card\u00edaca, passam-me a certid\u00e3o de \u00f3bito. Eu sonhei com um senhor de bra\u00e7os abertos, tinha um arco-\u00edris. Eu queria ficar e uma voz disse-me \u2018n\u00e3o, tu vais voltar\u2019\u00bb.\u00a0<\/strong><\/p>\n<p style=\"margin-bottom:11px\"><strong>\u00abDepois, tinha quatro anos, o meu irm\u00e3o estava a brincar com uma arma carregada e l\u00e1 vou eu outra vez, tiro na cabe\u00e7a, n\u00e3o morri, vivi\u00bb<\/strong>, contou Kina, num relato duro e impressionante de quem j\u00e1 sentiu a morte na pele por duas vezes, bem de perto.\u00a0<\/p>\n<p style=\"margin-bottom:11px\">J\u00e1 mais tarde, <a href=\"https:\/\/tvi.iol.pt\/bigbrother\/kina\/curva-da-vida\/esta-concorrente-morreu-durante-40-minutos-e-agora-conta-o-que-viu-do-outro-lado\" rel=\"nofollow noopener\" target=\"_blank\">Kina recordou um dos div\u00f3rcios:<\/a><strong> \u00abFiquei sozinha, vim c\u00e1 abaixo, fui pai e m\u00e3e, tinha dois trabalhos, senti-me sozinha, tudo o que conquistei era meu (&#8230;) Era dona de um pal\u00e1cio em Torres Novas, mas n\u00e3o era feliz no meu casamento\u00bb.\u00a0<\/strong><\/p>\n<p style=\"margin-bottom:11px\"><strong>\u00abEra muito ciumento e tinha poder econ\u00f3mico para me vigiar sem eu saber. Eu s\u00f3 soube aos 35 que aquele homem me vigiou a vida toda. Aquela minha vida tinha que acabar mesmo e acabou (&#8230;) A pandemia quase que termina comigo, porque eu venho cuidar do meu primeiro amor, queria salv\u00e1-lo e n\u00e3o consegui, ele falece nos meus bra\u00e7os. Se eu devia algo, se o fiz sofrer, eu paguei tudo\u00bb<\/strong>, rematou a concorrente.\u00a0<\/p>\n<p style=\"margin-bottom:11px\">\u00a0<\/p>\n<p>Kina j\u00e1 viveu vida de luxo num pal\u00e1cio: \u00abO que estou a fazer aqui?\u00bb <\/p>\n<p style=\"margin-bottom: 11px;\"><strong>\u00abUm dia olhei para quela sala enorme, para quela piscina, para o meu marido e disse: \u2018o que \u00e9 que eu estou a fazer aqui?\u2019\u00bb<\/strong>. Foi assim que<strong> Kina, Joaquina Branco<\/strong>, atual concorrente do <strong>Big Brother Ver\u00e3o,<\/strong> descreveu a \u00e9poca em que decidiu deixar tudo para tr\u00e1s, aos 39 anos.<\/p>\n<p>Em<a href=\"https:\/\/tvi.iol.pt\/goucha\/videos\/kina-eu-nao-enriqueci-com-a-moda-eu-fiz-dinheiro-com-investimentos-imobiliarios\/64fa08430cf265bc967f0ff1\" rel=\"nofollow noopener\" target=\"_blank\"> entrevista a Goucha, Kina,<strong>\u00a0<\/strong><\/a><strong>criadora de moda que fez muito sucesso nos anos 80 e 90<\/strong>,<a href=\"https:\/\/tvi.iol.pt\/goucha\/videos\/kina-eu-nao-enriqueci-com-a-moda-eu-fiz-dinheiro-com-investimentos-imobiliarios\/64fa08430cf265bc967f0ff1\" rel=\"nofollow noopener\" target=\"_blank\"> conta que era espiada pelo marido e que se sentia numa gaiola dourada.<\/a> Al\u00e9m disso, n\u00e3o usufru\u00eda dos luxos fruto do seu trabalho.<\/p>\n<p>Por isso, partiu e foi conhecer o mundo inteiro<strong>.\u00a0<a href=\"https:\/\/tvi.iol.pt\/goucha\/videos\/kina-ele-tinha-segurancas-atras-de-mim-os-meus-telefones-estiveram-em-escuta\/64fa0f3e0cf23250d7068b11\" rel=\"nofollow noopener\" target=\"_blank\">Tinha tudo, uma vida de luxo, uma carreira de sucesso e largou tudo para ser livre e feliz.<\/a>\u00a0<\/strong>Deixou para tr\u00e1s uma carreira fulgurante, o facto ser amplamente conhecida no mundo da moda e estar sempre nas revistas.<\/p>\n<p><strong>\u00abEu nunca me sentei naquela sala, eu nunca me sentei naquele sof\u00e1, eu nunca vi um filme na sala do cinema. Eu n\u00e3o era feliz tinha uma adi\u00e7\u00e3o ao trabalho. Eu n\u00e3o tinha tempo para mim, eu s\u00f3 pensava em fazer vestidos.\u00bb,<\/strong> contou. \u00abNa minha vida privada, eu n\u00e3o era feliz. O helic\u00f3ptero sobrevoava a minha casa quando eu desapareci\u2026\u00bb.<\/p>\n<p>O<a href=\"https:\/\/tvi.iol.pt\/bigbrother\/kina\/30-06-2025\/vivia-num-palacio-mas-era-perseguida-pelo-marido-a-corajosa-historia-desta-mulher-que-deixou-tudo-para-ser-livre\" rel=\"nofollow noopener\" target=\"_blank\"> <strong>marido \u00abn\u00e3o era infiel\u00bb<\/strong><\/a>, mas n\u00e3o a fazia feliz.\u00a0<strong>\u00abS\u00f3 n\u00e3o conhe\u00e7o a Austr\u00e1lia. De resto quase tudo. (\u2026) Fui viver, fui respirar. Vivi numa gaiola de ouro dos 24 aos 39 anos. O H\u00e9lder (marido) tinha seguran\u00e7as atr\u00e1s de mim para ver todos os meus movimentos. Isto n\u00e3o \u00e9 mentira, os meus telefones tiveram em escuta, at\u00e9 os das minhas empregadas e do meu atelier. Eu descobri cassetes de conversas que eu tinha tido com a minha m\u00e3e na minha casa\u2026\u00bb<\/strong>, contou.<\/p>\n<p>\u00a0<\/p>\n","protected":false},"excerpt":{"rendered":"Durante uma conversa casual, Kina decidiu falar de uma mem\u00f3ria que carrega desde muito cedo. \u00abO meu irm\u00e3o&hellip;\n","protected":false},"author":2,"featured_media":221755,"comment_status":"","ping_status":"","sticky":false,"template":"","format":"standard","meta":{"footnotes":""},"categories":[85],"tags":[32685,6781,41432,41409,328,114,115,980,330,41431,32686,672,338,32,40325,33,41430,25009,162],"class_list":{"0":"post-221754","1":"post","2":"type-post","3":"status-publish","4":"format-standard","5":"has-post-thumbnail","7":"category-entretenimento","8":"tag-1a-companhia","9":"tag-base","10":"tag-bucelas","11":"tag-comandante","12":"tag-concorrentes","13":"tag-entertainment","14":"tag-entretenimento","15":"tag-famosos","16":"tag-gala","17":"tag-instrutores","18":"tag-jose-moutinho","19":"tag-kina","20":"tag-maria-botelho-moniz","21":"tag-portugal","22":"tag-primeira-companhia","23":"tag-pt","24":"tag-recruta","25":"tag-recrutas","26":"tag-tvi"},"share_on_mastodon":{"url":"https:\/\/pubeurope.com\/@pt\/115864197051930486","error":""},"_links":{"self":[{"href":"https:\/\/www.europesays.com\/pt\/wp-json\/wp\/v2\/posts\/221754","targetHints":{"allow":["GET"]}}],"collection":[{"href":"https:\/\/www.europesays.com\/pt\/wp-json\/wp\/v2\/posts"}],"about":[{"href":"https:\/\/www.europesays.com\/pt\/wp-json\/wp\/v2\/types\/post"}],"author":[{"embeddable":true,"href":"https:\/\/www.europesays.com\/pt\/wp-json\/wp\/v2\/users\/2"}],"replies":[{"embeddable":true,"href":"https:\/\/www.europesays.com\/pt\/wp-json\/wp\/v2\/comments?post=221754"}],"version-history":[{"count":0,"href":"https:\/\/www.europesays.com\/pt\/wp-json\/wp\/v2\/posts\/221754\/revisions"}],"wp:featuredmedia":[{"embeddable":true,"href":"https:\/\/www.europesays.com\/pt\/wp-json\/wp\/v2\/media\/221755"}],"wp:attachment":[{"href":"https:\/\/www.europesays.com\/pt\/wp-json\/wp\/v2\/media?parent=221754"}],"wp:term":[{"taxonomy":"category","embeddable":true,"href":"https:\/\/www.europesays.com\/pt\/wp-json\/wp\/v2\/categories?post=221754"},{"taxonomy":"post_tag","embeddable":true,"href":"https:\/\/www.europesays.com\/pt\/wp-json\/wp\/v2\/tags?post=221754"}],"curies":[{"name":"wp","href":"https:\/\/api.w.org\/{rel}","templated":true}]}}