{"id":221756,"date":"2026-01-09T08:31:04","date_gmt":"2026-01-09T08:31:04","guid":{"rendered":"https:\/\/www.europesays.com\/pt\/221756\/"},"modified":"2026-01-09T08:31:04","modified_gmt":"2026-01-09T08:31:04","slug":"novo-banco-ainda-tem-e1000-milhoes-pendurados-da-venezuela","status":"publish","type":"post","link":"https:\/\/www.europesays.com\/pt\/221756\/","title":{"rendered":"Novo Banco ainda tem \u20ac1000 milh\u00f5es pendurados da Venezuela"},"content":{"rendered":"<p class=\"texto\">O Novo Banco ainda tem nas suas contas cerca de \u20ac1000 milh\u00f5es (dos \u20ac1,3 mil milh\u00f5es que bloqueou a empresas p\u00fablicas da Venezuela em 2019) que j\u00e1 estiveram estacionados na CGD por ordem judicial (um dep\u00f3sito tempor\u00e1rio de consigna\u00e7\u00e3o), e em 2023 o tribunal deu ordem para o montante voltar ao Novo Banco. E l\u00e1 continua, apurou o Expresso.<\/p>\n<p><a href=\"https:\/\/expresso.pt\/subscrever?action=GEN&amp;channel=BAF&amp;type=CAP&amp;source=WEB&amp;returnUrl=https:\/\/expresso.pt\/economia\/2026-01-08-novo-banco-ainda-tem-1000-milhoes-pendurados-da-venezuela-afc8c35b&amp;utm_source=expresso&amp;utm_medium=locked_article&amp;locked=true&amp;article_id=461afacb-1ed3-4850-8b90-fdb846906308&amp;author_id=Isabel+Vicente&amp;category=Economia\" target=\"_self\" class=\"\" rel=\"nofollow noopener\">Subscrever<\/a>J\u00e1 \u00e9 Subscritor?Fa\u00e7a login e continue a ler<a href=\"http:\/\/expresso.pt\/codigo?redirectUrl=https:\/\/expresso.pt\/economia\/2026-01-08-novo-banco-ainda-tem-1000-milhoes-pendurados-da-venezuela-afc8c35b\" target=\"_self\" class=\"\" rel=\"nofollow noopener\">Inserir C\u00f3digo<\/a>Comprou o Expresso?Insira o c\u00f3digo presente na Revista E para continuar a ler<\/p>\n","protected":false},"excerpt":{"rendered":"O Novo Banco ainda tem nas suas contas cerca de \u20ac1000 milh\u00f5es (dos \u20ac1,3 mil milh\u00f5es que bloqueou&hellip;\n","protected":false},"author":2,"featured_media":221757,"comment_status":"","ping_status":"","sticky":false,"template":"","format":"standard","meta":{"footnotes":""},"categories":[10],"tags":[27,28,15,16,14,25,26,21,22,12,13,19,20,32,23,24,33,17,18,29,30,31],"class_list":{"0":"post-221756","1":"post","2":"type-post","3":"status-publish","4":"format-standard","5":"has-post-thumbnail","7":"category-portugal","8":"tag-breaking-news","9":"tag-breakingnews","10":"tag-featured-news","11":"tag-featurednews","12":"tag-headlines","13":"tag-latest-news","14":"tag-latestnews","15":"tag-main-news","16":"tag-mainnews","17":"tag-news","18":"tag-noticias","19":"tag-noticias-principais","20":"tag-noticiasprincipais","21":"tag-portugal","22":"tag-principais-noticias","23":"tag-principaisnoticias","24":"tag-pt","25":"tag-top-stories","26":"tag-topstories","27":"tag-ultimas","28":"tag-ultimas-noticias","29":"tag-ultimasnoticias"},"share_on_mastodon":{"url":"https:\/\/pubeurope.com\/@pt\/115864213014924388","error":""},"_links":{"self":[{"href":"https:\/\/www.europesays.com\/pt\/wp-json\/wp\/v2\/posts\/221756","targetHints":{"allow":["GET"]}}],"collection":[{"href":"https:\/\/www.europesays.com\/pt\/wp-json\/wp\/v2\/posts"}],"about":[{"href":"https:\/\/www.europesays.com\/pt\/wp-json\/wp\/v2\/types\/post"}],"author":[{"embeddable":true,"href":"https:\/\/www.europesays.com\/pt\/wp-json\/wp\/v2\/users\/2"}],"replies":[{"embeddable":true,"href":"https:\/\/www.europesays.com\/pt\/wp-json\/wp\/v2\/comments?post=221756"}],"version-history":[{"count":0,"href":"https:\/\/www.europesays.com\/pt\/wp-json\/wp\/v2\/posts\/221756\/revisions"}],"wp:featuredmedia":[{"embeddable":true,"href":"https:\/\/www.europesays.com\/pt\/wp-json\/wp\/v2\/media\/221757"}],"wp:attachment":[{"href":"https:\/\/www.europesays.com\/pt\/wp-json\/wp\/v2\/media?parent=221756"}],"wp:term":[{"taxonomy":"category","embeddable":true,"href":"https:\/\/www.europesays.com\/pt\/wp-json\/wp\/v2\/categories?post=221756"},{"taxonomy":"post_tag","embeddable":true,"href":"https:\/\/www.europesays.com\/pt\/wp-json\/wp\/v2\/tags?post=221756"}],"curies":[{"name":"wp","href":"https:\/\/api.w.org\/{rel}","templated":true}]}}