{"id":221758,"date":"2026-01-09T08:32:08","date_gmt":"2026-01-09T08:32:08","guid":{"rendered":"https:\/\/www.europesays.com\/pt\/221758\/"},"modified":"2026-01-09T08:32:08","modified_gmt":"2026-01-09T08:32:08","slug":"sporting-benfica-jogo-fase-grupos-champions","status":"publish","type":"post","link":"https:\/\/www.europesays.com\/pt\/221758\/","title":{"rendered":"Sporting Benfica Jogo Fase Grupos Champions"},"content":{"rendered":"<p>                            <strong>RESUMO BTV<\/strong><\/p>\n<tr style=\"background-color: white; border-bottom: 1px solid white;\">\n<td style=\"font-weight: bold; font-size: 30px;\" colspan=\"2\">WSE Champions League<\/td>\n<\/tr>\n<tr>\n<td colspan=\"2\">4.\u00aa jornada<br \/>Grupo B<\/td>\n<\/tr>\n<tr>\n<td style=\"padding: 10px 0; background-color: #f2f2f2!important;\" colspan=\"2\"><strong>RESULTADO FINAL<\/strong><br \/><strong>INT: 1-3<\/strong><\/td>\n<\/tr>\n<tr>\n<td style=\"font-size: 20px;\"><strong>Sporting<\/strong><\/td>\n<td style=\"border-right: 1px solid #f4f4f4; font-size: 55px;\"><strong>1<\/strong><\/td>\n<\/tr>\n<tr class=\"red\">\n<td style=\"font-size: 20px;\"><strong>Benfica<\/strong><\/td>\n<td style=\"border-right: 1px solid #f4f4f4; font-size: 55px;\"><strong>4<\/strong><\/td>\n<\/tr>\n<tr>\n<td style=\"background-color: #f2f2f2!important;\" colspan=\"2\"><strong>Marcadores<\/strong><\/td>\n<\/tr>\n<tr>\n<td style=\"border-right: 1px solid #f4f4f4;\">\u00a0Rafael Bessa 4&#8242;<\/td>\n<td>Roberto Di Benedetto <strong>10&#8242;<br \/><\/strong>Diogo Rafael <strong>12&#8242;<br \/><\/strong>Lucas Ordo\u00f1ez<strong> 21&#8242;<br \/><\/strong>Gon\u00e7alo Pinto<strong> 41&#8242;<\/strong><\/td>\n<\/tr>\n<p>Com muita personalidade, o <a href=\"https:\/\/www.slbenfica.pt\/pt-pt\/modalidades\/hoquei\" rel=\"nofollow noopener\" target=\"_blank\"><strong>Benfica<\/strong><\/a> venceu o Sporting (<a href=\"https:\/\/www.slbenfica.pt\/pt-pt\/agora\/noticias\/2026\/01\/08\/hoquei-em-patins-jogo-sporting-benfica-4-jornada-grupo-b-wse-champions-league\" rel=\"nofollow noopener\" target=\"_blank\"><strong>1-4<\/strong><\/a>), no encontro da 4.\u00aa jornada do Grupo B da WSE Champions League, disputado nesta noite de quinta-feira, 8 de janeiro, no Pavilh\u00e3o Jo\u00e3o Rocha.<\/p>\n<p>Os encarnados at\u00e9 estiveram em desvantagem, mas mostraram <strong>serenidade e capacidade para lograr a reviravolta<\/strong> e <strong>controlar<\/strong> um d\u00e9rbi muito bem disputado.<\/p>\n<p>Come\u00e7ou melhor a equipa da casa. Com o ritmo de jogo intenso, o Sporting acabou por faturar por Rafael Bessa, que concluiu uma sa\u00edda para o ataque r\u00e1pida (1-0, aos 4&#8242;).<\/p>\n<p>L\u00edder do agrupamento com pleno de triunfos at\u00e9 esta ronda, o Benfica respondeu no minuto seguinte. <strong>Jo\u00e3o Rodrigues disparou e Xano Edo negou-lhe o golo<\/strong>. Pouco depois, <strong>Z\u00e9 Miranda foi travado em falta por Rafael Bessa<\/strong>, sendo assinalada <strong>grande penalidade<\/strong>.<\/p>\n<p>Na marca\u00e7\u00e3o da bola parada,\u00a0<strong>Z\u00e9 Miranda stickou forte, mas Xano Edo defendeu<\/strong>.<\/p>\n<p>Os encarnados procuraram novamente o golo. Mais uma vez, Z\u00e9 Miranda viu o guarda-redes leonino travar-lhe o intento, aos 8&#8242;.<\/p>\n<p>At\u00e9 que, a supremacia encarnada redundou na igualdade, num lance em que <strong>Roberto Di Benedetto trabalhou por detr\u00e1s da baliza do Sporting e conseguiu bater Xano Edo<\/strong> (1-1, aos 10&#8242;).<\/p>\n<p><img decoding=\"async\" src=\"https:\/\/www.europesays.com\/pt\/wp-content\/uploads\/2026\/01\/di-benedetto-thumbnail.jpg\" alt=\"Sporting-Benfica\" height=\"522px\" width=\"926px\"\/><\/p>\n<p>Dois minutos depois, <strong>Diogo Rafael desferiu um remate cruzado colocado sem hip\u00f3teses de defesa e anotou a reviravolta<\/strong> (1-2, aos 12&#8242;).<\/p>\n<p>De imediato, o t\u00e9cnico leonino pediu timeout.<\/p>\n<p>Com Pedro Henriques a responder bem \u00e0s tentativas do Sporting, o Benfica controlou e assinou o 1-3, aos 21&#8242;. <strong>Recupera\u00e7\u00e3o de Viti e assist\u00eancia para Lucas Ordo\u00f1ez balan\u00e7ar as redes<\/strong>.<\/p>\n<p>Ao intervalo, a equipa de <strong>Edu Castro<\/strong> vencia por 1-3.<\/p>\n<p><img decoding=\"async\" src=\"https:\/\/www.europesays.com\/pt\/wp-content\/uploads\/2026\/01\/ordonez-festejo-thumbnail.jpg\" alt=\"Sporting-Benfica\" height=\"522px\" width=\"926px\"\/><\/p>\n<p>No reatar do d\u00e9rbi, o Sporting tentou reduzir a desvantagem, mas deparou-se com a excelente organiza\u00e7\u00e3o encarnada.<\/p>\n<p>O Benfica soube gerir e, aos 29&#8242;, nota para mais uma defesa de Xano Edo perante o <strong>remate de Z\u00e9 Miranda<\/strong>.<\/p>\n<p>O marcador tornou a mexer, aos 41&#8242;.<strong> Gon\u00e7alo Pinto entregou a bola a Z\u00e9 Miranda que progrediu pelo lado direito da pista e colocou a bola na \u00e1rea, onde o camisola 71 das \u00e1guias encostou para o 1-4!<\/strong><\/p>\n<p>Aos 45&#8242;, o Sporting beneficiou de uma grande penalidade. Na convers\u00e3o, Rafael Bessa errou o alvo, atirou ao lado e, na recarga,<strong> rematou para defesa de Pedro Henriques<\/strong>.<\/p>\n<p><strong>Inteligente<\/strong> na forma como controlou as a\u00e7\u00f5es do rival, o Benfica venceu, por 1-4, e segue no topo da tabela do Grupo B com 12 pontos.<\/p>\n<p>J\u00e1 no domingo, 11 de janeiro, \u00e0s 17h30, os encarnados entram em rinque para defrontar o <strong>GD Sesimbra<\/strong>, fora de casa, no duelo dos 16 avos de final da Ta\u00e7a de Portugal.<\/p>\n<p><img decoding=\"async\" src=\"https:\/\/www.europesays.com\/pt\/wp-content\/uploads\/2026\/01\/edu-castro-thumbnail.jpg\" alt=\"Sporting-Benfica\" height=\"522px\" width=\"926px\"\/><\/p>\n<p>DECLARA\u00c7\u00d5ES<\/p>\n<p><strong>Edu Castro (treinador do Benfica):<\/strong> &#8220;O Benfica foi muito melhor. N\u00e3o se pode resumir este jogo apenas \u00e0 efic\u00e1cia quando cheg\u00e1mos muito \u00e0 baliza deles. Mesmo com um pouco de infelicidade no primeiro golo, cri\u00e1mos muitas chances durante o primeiro tempo e, ao intervalo, poder\u00edamos estar a vencer por mais do que 1-3. Na segunda parte, control\u00e1mos o jogo perfeitamente na nossa defesa e sa\u00edmos muito bem para o contra-ataque e n\u00e3o sofremos tanto quanto pens\u00e1vamos que poder\u00edamos sofrer nesta pista t\u00e3o dif\u00edcil. Bom jogo, intelig\u00eancia e, acima de tudo, compet\u00eancia. N\u00e3o s\u00f3 continuamos invictos, como vencemos todos os jogos da Liga dos Campe\u00f5es.&#8221;<\/p>\n<p><img decoding=\"async\" src=\"https:\/\/www.europesays.com\/pt\/wp-content\/uploads\/2026\/01\/festejo-adeptos-thumbnail.jpg\" alt=\"Sporting-Benfica\" height=\"522px\" width=\"926px\"\/><\/p>\n<tr>\n<td style=\"background-color: #f2f2f2!important;\" colspan=\"5\"><strong>WSE Champions League (fase de grupos) | 4.\u00aa jornada (Grupo B) | 08\/01\/2026<\/strong><\/td>\n<\/tr>\n<tr style=\"background-color: #ffffff;\">\n<td style=\"font-size: 25px !important; font-weight: 500; padding: 0 0 20px;\" colspan=\"3\">Sporting-Benfica<br \/>1-4<br \/>Pavilh\u00e3o Jo\u00e3o Rocha<\/td>\n<\/tr>\n<tr>\n<td style=\"background-color: #f2f2f2!important;\" colspan=\"3\"><strong>Cinco inicial do Benfica<\/strong><\/td>\n<\/tr>\n<tr>\n<td style=\"padding: 15px 20px;\" colspan=\"3\">Pedro Henriques, Z\u00e9 Miranda, Jo\u00e3o Rodrigues, Nil Roca e Roberto Di Benedetto<\/td>\n<\/tr>\n<tr>\n<td style=\"background-color: #f2f2f2!important;\" colspan=\"3\"><strong>Suplentes<\/strong><\/td>\n<\/tr>\n<tr>\n<td style=\"padding: 15px 20px;\" colspan=\"3\">Conti Acevedo, Diogo Rafael, Viti, Lucas Ordo\u00f1ez e Gon\u00e7alo Pinto<\/td>\n<\/tr>\n<tr>\n<td style=\"background-color: #f2f2f2!important;\" colspan=\"3\"><strong>Treinador do Benfica<\/strong><\/td>\n<\/tr>\n<tr>\n<td style=\"padding: 15px 20px;\" colspan=\"3\">Edu Castro<\/td>\n<\/tr>\n<tr>\n<td style=\"background-color: #f2f2f2!important;\" colspan=\"3\"><strong>Cinco inicial do Sporting<\/strong><\/td>\n<\/tr>\n<tr>\n<td style=\"padding: 15px 20px;\" colspan=\"3\">Xano Edo, Rafael Bessa, Danilo Rampulla, Alessandro Verona e Nolito Romero<\/td>\n<\/tr>\n<tr>\n<td style=\"background-color: #f2f2f2!important;\" colspan=\"3\"><strong>Suplentes<\/strong><\/td>\n<\/tr>\n<tr>\n<td style=\"padding: 15px 20px;\" colspan=\"3\">Z\u00e9 Diogo, Jo\u00e3o Pina, Diogo Barata, Roc Pujadas e Santiago Hon\u00f3rio<\/td>\n<\/tr>\n<tr>\n<td style=\"border-right: 1px solid #f4f4f4;\" colspan=\"2\"><strong>Ao intervalo<\/strong><\/td>\n<td colspan=\"1\">1-3<\/td>\n<\/tr>\n<tr>\n<td style=\"background-color: #f2f2f2!important;\" colspan=\"3\"><strong>Golos<\/strong><\/td>\n<\/tr>\n<tr>\n<td colspan=\"3\"><strong>Benfica:<\/strong> Roberto Di Benedetto (10&#8242;), Diogo Rafael (12&#8242;), Lucas Ordo\u00f1ez (21&#8242;) e Gon\u00e7alo Pinto (41&#8242;); Sporting: Rafael Bessa (4&#8242;)<\/td>\n<\/tr>\n<tr>\n<td style=\"background-color: #f2f2f2!important;\" colspan=\"3\"><strong>Marcha do marcador<\/strong><\/td>\n<\/tr>\n<tr>\n<td colspan=\"3\">1-0, 1-4<\/td>\n<\/tr>\n","protected":false},"excerpt":{"rendered":"RESUMO BTV WSE Champions League 4.\u00aa jornadaGrupo B RESULTADO FINALINT: 1-3 Sporting 1 Benfica 4 Marcadores \u00a0Rafael Bessa&hellip;\n","protected":false},"author":2,"featured_media":221759,"comment_status":"","ping_status":"","sticky":false,"template":"","format":"standard","meta":{"footnotes":""},"categories":[8],"tags":[27,28,15,16,14,25,26,21,22,12,13,19,20,32,23,24,33,17,18,29,30,31],"class_list":{"0":"post-221758","1":"post","2":"type-post","3":"status-publish","4":"format-standard","5":"has-post-thumbnail","7":"category-principais-noticias","8":"tag-breaking-news","9":"tag-breakingnews","10":"tag-featured-news","11":"tag-featurednews","12":"tag-headlines","13":"tag-latest-news","14":"tag-latestnews","15":"tag-main-news","16":"tag-mainnews","17":"tag-news","18":"tag-noticias","19":"tag-noticias-principais","20":"tag-noticiasprincipais","21":"tag-portugal","22":"tag-principais-noticias","23":"tag-principaisnoticias","24":"tag-pt","25":"tag-top-stories","26":"tag-topstories","27":"tag-ultimas","28":"tag-ultimas-noticias","29":"tag-ultimasnoticias"},"share_on_mastodon":{"url":"https:\/\/pubeurope.com\/@pt\/115864216813175732","error":""},"_links":{"self":[{"href":"https:\/\/www.europesays.com\/pt\/wp-json\/wp\/v2\/posts\/221758","targetHints":{"allow":["GET"]}}],"collection":[{"href":"https:\/\/www.europesays.com\/pt\/wp-json\/wp\/v2\/posts"}],"about":[{"href":"https:\/\/www.europesays.com\/pt\/wp-json\/wp\/v2\/types\/post"}],"author":[{"embeddable":true,"href":"https:\/\/www.europesays.com\/pt\/wp-json\/wp\/v2\/users\/2"}],"replies":[{"embeddable":true,"href":"https:\/\/www.europesays.com\/pt\/wp-json\/wp\/v2\/comments?post=221758"}],"version-history":[{"count":0,"href":"https:\/\/www.europesays.com\/pt\/wp-json\/wp\/v2\/posts\/221758\/revisions"}],"wp:featuredmedia":[{"embeddable":true,"href":"https:\/\/www.europesays.com\/pt\/wp-json\/wp\/v2\/media\/221759"}],"wp:attachment":[{"href":"https:\/\/www.europesays.com\/pt\/wp-json\/wp\/v2\/media?parent=221758"}],"wp:term":[{"taxonomy":"category","embeddable":true,"href":"https:\/\/www.europesays.com\/pt\/wp-json\/wp\/v2\/categories?post=221758"},{"taxonomy":"post_tag","embeddable":true,"href":"https:\/\/www.europesays.com\/pt\/wp-json\/wp\/v2\/tags?post=221758"}],"curies":[{"name":"wp","href":"https:\/\/api.w.org\/{rel}","templated":true}]}}