{"id":221760,"date":"2026-01-09T08:33:04","date_gmt":"2026-01-09T08:33:04","guid":{"rendered":"https:\/\/www.europesays.com\/pt\/221760\/"},"modified":"2026-01-09T08:33:04","modified_gmt":"2026-01-09T08:33:04","slug":"bruna-furlan-neta-de-carlos-alberto-de-nobrega-e-diagnosticada-com-cancer-de-mama-aos-24-anos-2","status":"publish","type":"post","link":"https:\/\/www.europesays.com\/pt\/221760\/","title":{"rendered":"Bruna Furlan, neta de Carlos Alberto de N\u00f3brega, \u00e9 diagnosticada com c\u00e2ncer de mama aos 24 anos"},"content":{"rendered":"<p>\n                        A influenciadora compartilhou que descobriu a doen\u00e7a em dezembro e pretende compartilhar sua jornada para inspirar outras jovens na mesma situa\u00e7\u00e3o\n                    <\/p>\n<p class=\"text\">A influenciadora <b>Bruna Furlan de N\u00f3brega<\/b>, neta do humorista <b>Carlos Alberto de N\u00f3brega<\/b>, compartilhou em suas redes sociais que foi diagnosticada com <b>c\u00e2ncer de mama<\/b> aos 24 anos.<\/p>\n<p class=\"text\">Em v\u00eddeo publicado no Instagram na tarde de quarta-feira, 7, Bruna disse que recebeu, no fim de dezembro, o diagn\u00f3stico de um carcinoma mam\u00e1rio invasivo, do tipo n\u00e3o especial, hormonal, HER2 negativo e com met\u00e1stase.<\/p>\n<p><img loading=\"lazy\" decoding=\"async\" alt=\"Bruna com o av\u00f4, o humorista Carlos Alberto de N\u00f3brega.\" class=\"img-48cfe6c3ac3eb431e14a2215a3d43fb7kc8vryqy\" height=\"1032\" src=\"https:\/\/www.europesays.com\/pt\/wp-content\/uploads\/2026\/01\/80171983-betmjzdbzrcj5ncvdrytl5pyla.jfif.jpeg\"  title=\"Bruna com o av\u00f4, o humorista Carlos Alberto de N\u00f3brega.\" width=\"774\"\/><\/p>\n<p>Bruna com o av\u00f4, o humorista Carlos Alberto de N\u00f3brega.<\/p>\n<p>Foto: @itsbrunafurlan via Instagram \/ Estad\u00e3o<\/p>\n<p class=\"text\">&#8220;Vai ser uma longa jornada de exames, quimioterapia, cirurgia e radioterapias. Mas tamb\u00e9m vai ser uma jornada de amor, felicidade e aprendizados&#8221;, escreveu ela. Bruna conta que resolveu compartilhar sua jornada depois de se informar sobre o crescimento da doen\u00e7a em mulheres jovens.<\/p>\n<p class=\"text\">Por isso, pretende documentar as etapas do tratamento e continuar compartilhando a &#8220;vida normal&#8221; na rede social, para que outras jovens na mesma situa\u00e7\u00e3o possam se identificar. &#8220;Estou no auge da minha juventude e n\u00e3o quero deixar meu tratamento atrapalhar minha juventude, da mesma forma que n\u00e3o quero deixar minha juventude atrapalhar meu tratamento&#8221;, refletiu.<\/p>\n<p class=\"text\">&#8220;Somos jovens, somos guerreiras. E vamos botar esse c\u00e2ncer pra correr do jeito que apenas a nossa gera\u00e7\u00e3o conseguiria: um dia na quimio, outro no pilates e o pr\u00f3ximo dan\u00e7ando at\u00e9 amanhecer&#8221;, concluiu Bruna.<\/p>\n<p class=\"text\">Bruna \u00e9 filha de Vini N\u00f3brega, um dos seis filhos de Carlos Alberto.<\/p>\n<blockquote class=\"instagram-media\" data-instgrm-captioned=\"\" data-instgrm-permalink=\"https:\/\/www.instagram.com\/reel\/DTOdV7Djrz1\/?utm_source=ig_embed&amp;utm_campaign=loading\" data-instgrm-version=\"14\" style=\" background:#FFF; border:0; border-radius:3px; box-shadow:0 0 1px 0 rgba(0,0,0,0.5),0 1px 10px 0 rgba(0,0,0,0.15); margin: 1px; max-width:658px; min-width:326px; padding:0; width:99.375%; width:-webkit-calc(100% - 2px); width:calc(100% - 2px);\"><p>\n<a href=\"https:\/\/www.instagram.com\/reel\/DTOdV7Djrz1\/?utm_source=ig_embed&amp;utm_campaign=loading\" style=\" background:#FFFFFF; line-height:0; padding:0 0; text-align:center; text-decoration:none; width:100%;\" target=\"_blank\" rel=\"nofollow noopener\"><\/p>\n<p>      View this post on Instagram <\/p>\n<p><\/a>\n<\/p><\/blockquote>\n<p>                            <script async src=\"\/\/www.instagram.com\/embed.js\"><\/script><\/p>\n","protected":false},"excerpt":{"rendered":"A influenciadora compartilhou que descobriu a doen\u00e7a em dezembro e pretende compartilhar sua jornada para inspirar outras jovens&hellip;\n","protected":false},"author":2,"featured_media":221761,"comment_status":"","ping_status":"","sticky":false,"template":"","format":"standard","meta":{"footnotes":""},"categories":[145],"tags":[5960,22439,211,210,114,115,32,33],"class_list":{"0":"post-221760","1":"post","2":"type-post","3":"status-publish","4":"format-standard","5":"has-post-thumbnail","7":"category-celebridades","8":"tag-cancer-de-mama","9":"tag-carlos-alberto-de-nobrega","10":"tag-celebridades","11":"tag-celebrities","12":"tag-entertainment","13":"tag-entretenimento","14":"tag-portugal","15":"tag-pt"},"share_on_mastodon":{"url":"https:\/\/pubeurope.com\/@pt\/115864220640553496","error":""},"_links":{"self":[{"href":"https:\/\/www.europesays.com\/pt\/wp-json\/wp\/v2\/posts\/221760","targetHints":{"allow":["GET"]}}],"collection":[{"href":"https:\/\/www.europesays.com\/pt\/wp-json\/wp\/v2\/posts"}],"about":[{"href":"https:\/\/www.europesays.com\/pt\/wp-json\/wp\/v2\/types\/post"}],"author":[{"embeddable":true,"href":"https:\/\/www.europesays.com\/pt\/wp-json\/wp\/v2\/users\/2"}],"replies":[{"embeddable":true,"href":"https:\/\/www.europesays.com\/pt\/wp-json\/wp\/v2\/comments?post=221760"}],"version-history":[{"count":0,"href":"https:\/\/www.europesays.com\/pt\/wp-json\/wp\/v2\/posts\/221760\/revisions"}],"wp:featuredmedia":[{"embeddable":true,"href":"https:\/\/www.europesays.com\/pt\/wp-json\/wp\/v2\/media\/221761"}],"wp:attachment":[{"href":"https:\/\/www.europesays.com\/pt\/wp-json\/wp\/v2\/media?parent=221760"}],"wp:term":[{"taxonomy":"category","embeddable":true,"href":"https:\/\/www.europesays.com\/pt\/wp-json\/wp\/v2\/categories?post=221760"},{"taxonomy":"post_tag","embeddable":true,"href":"https:\/\/www.europesays.com\/pt\/wp-json\/wp\/v2\/tags?post=221760"}],"curies":[{"name":"wp","href":"https:\/\/api.w.org\/{rel}","templated":true}]}}