{"id":221762,"date":"2026-01-09T08:39:07","date_gmt":"2026-01-09T08:39:07","guid":{"rendered":"https:\/\/www.europesays.com\/pt\/221762\/"},"modified":"2026-01-09T08:39:07","modified_gmt":"2026-01-09T08:39:07","slug":"oficial-lazio-anuncia-chegada-de-antigo-alvo-do-fc-porto","status":"publish","type":"post","link":"https:\/\/www.europesays.com\/pt\/221762\/","title":{"rendered":"OFICIAL: Lazio anuncia chegada de antigo alvo do FC Porto"},"content":{"rendered":"<p>Kenneth Taylor, produto da forma\u00e7\u00e3o do Ajax, vai trocar o clube neerland\u00eas pela Lazio. Ap\u00f3s muita especula\u00e7\u00e3o na imprensa italiana, o clube sediado em Roma partilhou uma imagem do jogador j\u00e1 a envergar um cachecol do clube.<\/p>\n<p>A transfer\u00eancia dever\u00e1 ser oficializada pelos dois clubes nas pr\u00f3ximas horas. A imprensa italiana garante que o m\u00e9dio neerland\u00eas vai custar 17 milh\u00f5es de euros aos cofres da Lazio.<\/p>\n<p>Taylor foi, assumidamente, um dos grandes alvos do FC Porto no mercado de transfer\u00eancias de ver\u00e3o. Trabalhou com Francesco Farioli no Ajax e <strong><a href=\"https:\/\/maisfutebol.iol.pt\/mercado\/fc-porto\/fc-porto-taylor-e-opcao-apenas-se-rodrigo-mora-sair-e-pelo-valor-justo\" rel=\"nofollow noopener\" target=\"_blank\">era op\u00e7\u00e3o para o clube caso Rodrigo Mora sa\u00edsse.<\/a><\/strong><\/p>\n<p>O pr\u00f3prio assumiu que o primeiro dia ap\u00f3s o fecho do mercado foi \u00abdif\u00edcil\u00bb, quando questionado sobre o <strong><a href=\"https:\/\/maisfutebol.iol.pt\/paises-baixos\/ajax\/kenneth-taylor-fc-porto-dia-seguinte-ao-fecho-do-mercado-foi-dificil\" rel=\"nofollow noopener\" target=\"_blank\">interesse do FC Porto<\/a><\/strong>, um \u00abgrande clube\u00bb.\u00a0<\/p>\n<p>A chegada de Taylor vem suprir a sa\u00edda de <strong><a href=\"https:\/\/maisfutebol.iol.pt\/turquia\/internacional\/oficial-guendouzi-esta-em-istambul-para-assinar-pelo-fenerbahce\" rel=\"nofollow noopener\" target=\"_blank\">Matt\u00e9o Guendouzi <\/a><\/strong>para o Fenerbah\u00e7e, no mesmo dia em que o clube tamb\u00e9m anunciou <strong><a href=\"https:\/\/maisfutebol.iol.pt\/mercado\/italia\/oficial-petar-ratkov-reforca-o-ataque-da-lazio\" rel=\"nofollow noopener\" target=\"_blank\">Petar Ratkov.<\/a><\/strong><\/p>\n<blockquote class=\"twitter-tweet\">\n<p lang=\"en\">Kenneth is here! \ud83c\uddf3\ud83c\uddf1\ud83e\ude75<a href=\"https:\/\/twitter.com\/hashtag\/AvantiLazio?src=hash&amp;ref_src=twsrc%5Etfw\" rel=\"nofollow noopener\" target=\"_blank\">#AvantiLazio<\/a> <a href=\"https:\/\/t.co\/hwRCu5iWGW\" rel=\"nofollow\">pic.twitter.com\/hwRCu5iWGW<\/a><\/p>\n<p> \u2014 S.S.Lazio (@OfficialSSLazio)<br \/>\n  <a href=\"https:\/\/twitter.com\/OfficialSSLazio\/status\/2009356411793519068?ref_src=twsrc%5Etfw\" rel=\"nofollow noopener\" target=\"_blank\">January 8, 2026<\/a>\n <\/p><\/blockquote>\n<p>                                <script async src=\"https:\/\/platform.twitter.com\/widgets.js\" charset=\"utf-8\"><\/script><\/p>\n","protected":false},"excerpt":{"rendered":"Kenneth Taylor, produto da forma\u00e7\u00e3o do Ajax, vai trocar o clube neerland\u00eas pela Lazio. Ap\u00f3s muita especula\u00e7\u00e3o na&hellip;\n","protected":false},"author":2,"featured_media":221763,"comment_status":"","ping_status":"","sticky":false,"template":"","format":"standard","meta":{"footnotes":""},"categories":[87],"tags":[135,282,233,14331,27614,46,3914,32,33,47,134,35],"class_list":{"0":"post-221762","1":"post","2":"type-post","3":"status-publish","4":"format-standard","5":"has-post-thumbnail","7":"category-desporto","8":"tag-desporto","9":"tag-fc-porto","10":"tag-italia","11":"tag-kenneth-taylor","12":"tag-lazio","13":"tag-maisfutebol","14":"tag-paises-baixos","15":"tag-portugal","16":"tag-pt","17":"tag-pura-paixao","18":"tag-sports","19":"tag-transferencias"},"share_on_mastodon":{"url":"https:\/\/pubeurope.com\/@pt\/115864244548226023","error":""},"_links":{"self":[{"href":"https:\/\/www.europesays.com\/pt\/wp-json\/wp\/v2\/posts\/221762","targetHints":{"allow":["GET"]}}],"collection":[{"href":"https:\/\/www.europesays.com\/pt\/wp-json\/wp\/v2\/posts"}],"about":[{"href":"https:\/\/www.europesays.com\/pt\/wp-json\/wp\/v2\/types\/post"}],"author":[{"embeddable":true,"href":"https:\/\/www.europesays.com\/pt\/wp-json\/wp\/v2\/users\/2"}],"replies":[{"embeddable":true,"href":"https:\/\/www.europesays.com\/pt\/wp-json\/wp\/v2\/comments?post=221762"}],"version-history":[{"count":0,"href":"https:\/\/www.europesays.com\/pt\/wp-json\/wp\/v2\/posts\/221762\/revisions"}],"wp:featuredmedia":[{"embeddable":true,"href":"https:\/\/www.europesays.com\/pt\/wp-json\/wp\/v2\/media\/221763"}],"wp:attachment":[{"href":"https:\/\/www.europesays.com\/pt\/wp-json\/wp\/v2\/media?parent=221762"}],"wp:term":[{"taxonomy":"category","embeddable":true,"href":"https:\/\/www.europesays.com\/pt\/wp-json\/wp\/v2\/categories?post=221762"},{"taxonomy":"post_tag","embeddable":true,"href":"https:\/\/www.europesays.com\/pt\/wp-json\/wp\/v2\/tags?post=221762"}],"curies":[{"name":"wp","href":"https:\/\/api.w.org\/{rel}","templated":true}]}}