{"id":221764,"date":"2026-01-09T08:40:08","date_gmt":"2026-01-09T08:40:08","guid":{"rendered":"https:\/\/www.europesays.com\/pt\/221764\/"},"modified":"2026-01-09T08:40:08","modified_gmt":"2026-01-09T08:40:08","slug":"ministerio-da-saude-atualiza-protocolo-clinico-da-doenca-de-alzheimer","status":"publish","type":"post","link":"https:\/\/www.europesays.com\/pt\/221764\/","title":{"rendered":"Minist\u00e9rio da Sa\u00fade atualiza Protocolo Cl\u00ednico da Doen\u00e7a de Alzheimer"},"content":{"rendered":"<p>O <strong><a href=\"https:\/\/medicinasa.com.br\/tag\/ministerio-da-saude\/\" target=\"_blank\" rel=\"noopener nofollow\">Minist\u00e9rio da Sa\u00fade<\/a><\/strong> e o <strong><a href=\"https:\/\/medicinasa.com.br\/tag\/hospital-oswaldo-cruz\/\" target=\"_blank\" rel=\"noopener nofollow\">Hospital Alem\u00e3o Oswaldo Cruz<\/a><\/strong> atualizaram o Protocolo Cl\u00ednico e Diretrizes Terap\u00eauticas (PCDT) da Doen\u00e7a de Alzheimer, <a href=\"https:\/\/www.gov.br\/conitec\/pt-br\/midias\/relatorios\/2025\/relatorio-de-recomendacao-no-1-051-pcdt-da-doenca-de-alzheimer\" target=\"_blank\" rel=\"noopener nofollow\">documento<\/a> que orienta o diagn\u00f3stico, o tratamento e o acompanhamento de pessoas com a condi\u00e7\u00e3o no \u00e2mbito do Sistema \u00danico de Sa\u00fade (SUS). A nova vers\u00e3o foi aprovada por meio da Portaria Conjunta SAES\/SCTIE n\u00ba 27, de 27 de novembro de 2025, e \u00e9 resultado da parceria entre as institui\u00e7\u00f5es no \u00e2mbito do Programa de Apoio ao Desenvolvimento Institucional do SUS (PROADI-SUS).<\/p>\n<p>A Doen\u00e7a de Alzheimer \u00e9 a principal causa de dem\u00eancia no mundo, respondendo por at\u00e9 70% dos casos globalmente. No Brasil, estima-se que aproximadamente 8,5% da popula\u00e7\u00e3o com 60 anos ou mais viva com algum tipo de dem\u00eancia, condi\u00e7\u00e3o caracterizada pelo comprometimento progressivo de fun\u00e7\u00f5es cognitivas como mem\u00f3ria, orienta\u00e7\u00e3o e capacidade de julgamento, levando \u00e0 perda gradual de autonomia.<\/p>\n<p><img decoding=\"async\" loading=\"lazy\" class=\"alignnone size-full wp-image-143625\" src=\"https:\/\/www.europesays.com\/pt\/wp-content\/uploads\/2026\/01\/cerebro-neurologia-alzheimer-1b.jpg\" alt=\"\" width=\"863\" height=\"564\"  \/><\/p>\n<p>A Doen\u00e7a de Alzheimer \u00e9 uma condi\u00e7\u00e3o neurodegenerativa progressiva, caracterizada pelo decl\u00ednio cognitivo gradual, que se manifesta inicialmente de forma sutil e que tende a se agravar ao longo do tempo, comprometendo fun\u00e7\u00f5es como mem\u00f3ria, linguagem, planejamento e realiza\u00e7\u00e3o de atividades cotidianas. Embora a causa exata ainda n\u00e3o seja totalmente conhecida, a idade avan\u00e7ada e o hist\u00f3rico familiar s\u00e3o fatores de risco importantes. Condi\u00e7\u00f5es como hipertens\u00e3o, diabetes, sedentarismo, tabagismo e isolamento social tamb\u00e9m influenciam o desenvolvimento da doen\u00e7a e podem ser alvo de estrat\u00e9gias de preven\u00e7\u00e3o ao longo da vida.<\/p>\n<p>Diante desse cen\u00e1rio, o diagn\u00f3stico precoce e o acompanhamento adequado s\u00e3o fundamentais para orientar o tratamento, reduzir complica\u00e7\u00f5es e promover melhor qualidade de vida para pacientes e cuidadores. A atualiza\u00e7\u00e3o do PCDT refor\u00e7a esse compromisso ao incorporar evid\u00eancias cient\u00edficas mais recentes e alinhar as diretrizes brasileiras \u00e0s melhores pr\u00e1ticas internacionais.<\/p>\n<p>Entre as principais atualiza\u00e7\u00f5es, o novo <a href=\"https:\/\/www.gov.br\/conitec\/pt-br\/midias\/relatorios\/2025\/relatorio-de-recomendacao-no-976-donepezila-alzheimer\" target=\"_blank\" rel=\"noopener nofollow\">protocolo<\/a> amplia o uso da donepezila em monoterapia e em combina\u00e7\u00e3o livre com memantina para o tratamento de pacientes com Doen\u00e7a de Alzheimer em est\u00e1gio grave. A recomenda\u00e7\u00e3o teve parecer favor\u00e1vel da Comiss\u00e3o Nacional de Incorpora\u00e7\u00e3o de Tecnologias no SUS (<strong><a href=\"https:\/\/medicinasa.com.br\/tag\/conitec\/\" target=\"_blank\" rel=\"noopener nofollow\">Conitec<\/a><\/strong>), com base em avalia\u00e7\u00e3o t\u00e9cnica conduzida pelo Hospital Alem\u00e3o Oswaldo Cruz.<\/p>\n","protected":false},"excerpt":{"rendered":"O Minist\u00e9rio da Sa\u00fade e o Hospital Alem\u00e3o Oswaldo Cruz atualizaram o Protocolo Cl\u00ednico e Diretrizes Terap\u00eauticas (PCDT)&hellip;\n","protected":false},"author":2,"featured_media":221765,"comment_status":"","ping_status":"","sticky":false,"template":"","format":"standard","meta":{"footnotes":""},"categories":[86],"tags":[116,32,33,117],"class_list":{"0":"post-221764","1":"post","2":"type-post","3":"status-publish","4":"format-standard","5":"has-post-thumbnail","7":"category-saude","8":"tag-health","9":"tag-portugal","10":"tag-pt","11":"tag-saude"},"share_on_mastodon":{"url":"https:\/\/pubeurope.com\/@pt\/115864248218679940","error":""},"_links":{"self":[{"href":"https:\/\/www.europesays.com\/pt\/wp-json\/wp\/v2\/posts\/221764","targetHints":{"allow":["GET"]}}],"collection":[{"href":"https:\/\/www.europesays.com\/pt\/wp-json\/wp\/v2\/posts"}],"about":[{"href":"https:\/\/www.europesays.com\/pt\/wp-json\/wp\/v2\/types\/post"}],"author":[{"embeddable":true,"href":"https:\/\/www.europesays.com\/pt\/wp-json\/wp\/v2\/users\/2"}],"replies":[{"embeddable":true,"href":"https:\/\/www.europesays.com\/pt\/wp-json\/wp\/v2\/comments?post=221764"}],"version-history":[{"count":0,"href":"https:\/\/www.europesays.com\/pt\/wp-json\/wp\/v2\/posts\/221764\/revisions"}],"wp:featuredmedia":[{"embeddable":true,"href":"https:\/\/www.europesays.com\/pt\/wp-json\/wp\/v2\/media\/221765"}],"wp:attachment":[{"href":"https:\/\/www.europesays.com\/pt\/wp-json\/wp\/v2\/media?parent=221764"}],"wp:term":[{"taxonomy":"category","embeddable":true,"href":"https:\/\/www.europesays.com\/pt\/wp-json\/wp\/v2\/categories?post=221764"},{"taxonomy":"post_tag","embeddable":true,"href":"https:\/\/www.europesays.com\/pt\/wp-json\/wp\/v2\/tags?post=221764"}],"curies":[{"name":"wp","href":"https:\/\/api.w.org\/{rel}","templated":true}]}}