{"id":221766,"date":"2026-01-09T08:41:16","date_gmt":"2026-01-09T08:41:16","guid":{"rendered":"https:\/\/www.europesays.com\/pt\/221766\/"},"modified":"2026-01-09T08:41:16","modified_gmt":"2026-01-09T08:41:16","slug":"jornalista-partilha-com-os-portugueses-ha-quase-oito-anos-perdi-a-minha-filha-entrei-noutro-tipo-de-vicio-dois-as-10","status":"publish","type":"post","link":"https:\/\/www.europesays.com\/pt\/221766\/","title":{"rendered":"Jornalista partilha com os portugueses: &#8220;H\u00e1 quase oito anos perdi a minha filha. Entrei noutro tipo de v\u00edcio&#8230;&#8221; &#8211; Dois \u00e0s 10"},"content":{"rendered":"<p>                        H\u00e1 quase oito anos, a vida desta jornalista ficou suspensa no momento em que perdeu a filha. O luto abriu um vazio profundo \u2014 e foi nesse abismo que nasceu \u201coutro tipo de v\u00edcio\u201d, como agora confessa, numa partilha crua e corajosa com os portugueses.<\/p>\n<p><strong>Sara Santos<\/strong>, uma das recrutas de <strong>&#8220;1.\u00aa Companhia&#8221;<\/strong>, participou com os restantes colegas numa aula dedicada \u00e0 <strong>solidariedade e \u00e0 camaradagem<\/strong>, ocasi\u00e3o em que decidiu fazer uma partilha profundamente pessoal.<\/p>\n<p>A antiga modelo e apresentadora de televis\u00e3o lembrou o epis\u00f3dio marcante em que, <strong>\u00e0s 30 semanas de gesta\u00e7\u00e3o<\/strong>, perdeu a filha, um caso que viria mais tarde a ser considerado em tribunal como resultado de <strong>um ato de neglig\u00eancia m\u00e9dica<\/strong>.<\/p>\n<p>&#8220;Eu passei por um per\u00edodo muito complicado. H\u00e1 quase oito anos, perdi a minha filha. Foi complicado ter de fazer um funeral, eu entrei numa depress\u00e3o muito profunda que me levou a outro tipo de v\u00edcio&#8221;, revelou <strong>Sara Santos<\/strong>, visivelmente emocionada. Entre l\u00e1grimas, acrescentou: &#8220;Todos n\u00f3s temos telhados de vidro e o primeiro que atire a pedra, porque eu entrei noutro tipo de v\u00edcio, para al\u00e9m da depress\u00e3o, porque achei que era a minha parte de salva\u00e7\u00e3o e o que me ia tirar daquele buraco.&#8221;<\/p>\n<p>A recruta contou ainda que essa fase teve impacto nas suas rela\u00e7\u00f5es pessoais. &#8220;As minhas melhores amigas, aquelas que eu achava, n\u00e3o me atendiam j\u00e1 o telefone e chegaram a dizer que eu era um mau exemplo&#8221;, partilhou <strong>Sara Santos<\/strong>, comovendo os restantes recrutas presentes.<\/p>\n","protected":false},"excerpt":{"rendered":"H\u00e1 quase oito anos, a vida desta jornalista ficou suspensa no momento em que perdeu a filha. O&hellip;\n","protected":false},"author":2,"featured_media":221767,"comment_status":"","ping_status":"","sticky":false,"template":"","format":"standard","meta":{"footnotes":""},"categories":[85],"tags":[31659,329,166,3412,3406,3409,801,3410,3411,3407,3408,114,115,3413,338,32,33,41592],"class_list":{"0":"post-221766","1":"post","2":"type-post","3":"status-publish","4":"format-standard","5":"has-post-thumbnail","7":"category-entretenimento","8":"tag-1-a-companhia","9":"tag-claudio-ramos","10":"tag-cristina-ferreira","11":"tag-dois-10","12":"tag-dois-a-s-10-dois-a-s-10","13":"tag-dois-a-s-dez","14":"tag-dois-as-10","15":"tag-dois-as-dez","16":"tag-dois-dez","17":"tag-doisas10","18":"tag-doisasdez","19":"tag-entertainment","20":"tag-entretenimento","21":"tag-manha-tvi","22":"tag-maria-botelho-moniz","23":"tag-portugal","24":"tag-pt","25":"tag-sara-santos"},"share_on_mastodon":{"url":"https:\/\/pubeurope.com\/@pt\/115864252106164301","error":""},"_links":{"self":[{"href":"https:\/\/www.europesays.com\/pt\/wp-json\/wp\/v2\/posts\/221766","targetHints":{"allow":["GET"]}}],"collection":[{"href":"https:\/\/www.europesays.com\/pt\/wp-json\/wp\/v2\/posts"}],"about":[{"href":"https:\/\/www.europesays.com\/pt\/wp-json\/wp\/v2\/types\/post"}],"author":[{"embeddable":true,"href":"https:\/\/www.europesays.com\/pt\/wp-json\/wp\/v2\/users\/2"}],"replies":[{"embeddable":true,"href":"https:\/\/www.europesays.com\/pt\/wp-json\/wp\/v2\/comments?post=221766"}],"version-history":[{"count":0,"href":"https:\/\/www.europesays.com\/pt\/wp-json\/wp\/v2\/posts\/221766\/revisions"}],"wp:featuredmedia":[{"embeddable":true,"href":"https:\/\/www.europesays.com\/pt\/wp-json\/wp\/v2\/media\/221767"}],"wp:attachment":[{"href":"https:\/\/www.europesays.com\/pt\/wp-json\/wp\/v2\/media?parent=221766"}],"wp:term":[{"taxonomy":"category","embeddable":true,"href":"https:\/\/www.europesays.com\/pt\/wp-json\/wp\/v2\/categories?post=221766"},{"taxonomy":"post_tag","embeddable":true,"href":"https:\/\/www.europesays.com\/pt\/wp-json\/wp\/v2\/tags?post=221766"}],"curies":[{"name":"wp","href":"https:\/\/api.w.org\/{rel}","templated":true}]}}