{"id":221768,"date":"2026-01-09T08:45:08","date_gmt":"2026-01-09T08:45:08","guid":{"rendered":"https:\/\/www.europesays.com\/pt\/221768\/"},"modified":"2026-01-09T08:45:08","modified_gmt":"2026-01-09T08:45:08","slug":"sirenes-disparam-no-psd-e-no-governo-deputados-e-autarcas-chamados-a-apoiar-mendes","status":"publish","type":"post","link":"https:\/\/www.europesays.com\/pt\/221768\/","title":{"rendered":"Sirenes disparam no PSD e no Governo: deputados e autarcas chamados a apoiar Mendes"},"content":{"rendered":"<p>Definitivamente, soaram os alarmes. Mesmo sem confiar demasiado em sondagens di\u00e1rias, com amostras pequenas e vantagens estreitas entre candidatos, o \u00e2nimo quebrou depois dos \u00faltimos <a href=\"https:\/\/expresso.pt\/politica\/eleicoes\/presidenciais-2026\/debates-presidenciais\" target=\"_blank\" rel=\"noopener noreferrer nofollow\">debates<\/a>, e o PSD parece n\u00e3o estar a dar a resposta necess\u00e1ria para o que \u00e9 preciso: garantir que Mendes passa \u00e0 segunda volta. A preocupa\u00e7\u00e3o tornou-se evidente quando Hugo Soares, l\u00edder parlamentar e secret\u00e1rio-geral do PSD, foi pedir empenho aos deputados na reuni\u00e3o da bancada desta quinta-feira, com um alerta a sublinhar a import\u00e2ncia do atual momento pol\u00edtico.<\/p>\n<p><a href=\"https:\/\/expresso.pt\/subscrever?action=GEN&amp;channel=BAF&amp;type=CAP&amp;source=WEB&amp;returnUrl=https:\/\/expresso.pt\/politica\/eleicoes\/presidenciais-2026\/2026-01-08-sirenes-disparam-no-psd-e-no-governo-deputados-e-autarcas-chamados-a-apoiar-mendes-c1b3e836&amp;utm_source=expresso&amp;utm_medium=locked_article&amp;locked=true&amp;article_id=085c895f-1729-47ab-b563-b754924b859d&amp;author_id=Paula+Caeiro+Varela,Rita+Dinis&amp;category=Presidenciais+2026\" target=\"_self\" class=\"\" rel=\"nofollow noopener\">Subscrever<\/a>J\u00e1 \u00e9 Subscritor?Fa\u00e7a login e continue a ler<a href=\"http:\/\/expresso.pt\/codigo?redirectUrl=https:\/\/expresso.pt\/politica\/eleicoes\/presidenciais-2026\/2026-01-08-sirenes-disparam-no-psd-e-no-governo-deputados-e-autarcas-chamados-a-apoiar-mendes-c1b3e836\" target=\"_self\" class=\"\" rel=\"nofollow noopener\">Inserir C\u00f3digo<\/a>Comprou o Expresso?Insira o c\u00f3digo presente na Revista E para continuar a ler<\/p>\n","protected":false},"excerpt":{"rendered":"Definitivamente, soaram os alarmes. Mesmo sem confiar demasiado em sondagens di\u00e1rias, com amostras pequenas e vantagens estreitas entre&hellip;\n","protected":false},"author":2,"featured_media":221769,"comment_status":"","ping_status":"","sticky":false,"template":"","format":"standard","meta":{"footnotes":""},"categories":[10],"tags":[27,28,15,16,14,25,26,21,22,12,13,19,20,32,23,24,33,17,18,29,30,31],"class_list":{"0":"post-221768","1":"post","2":"type-post","3":"status-publish","4":"format-standard","5":"has-post-thumbnail","7":"category-portugal","8":"tag-breaking-news","9":"tag-breakingnews","10":"tag-featured-news","11":"tag-featurednews","12":"tag-headlines","13":"tag-latest-news","14":"tag-latestnews","15":"tag-main-news","16":"tag-mainnews","17":"tag-news","18":"tag-noticias","19":"tag-noticias-principais","20":"tag-noticiasprincipais","21":"tag-portugal","22":"tag-principais-noticias","23":"tag-principaisnoticias","24":"tag-pt","25":"tag-top-stories","26":"tag-topstories","27":"tag-ultimas","28":"tag-ultimas-noticias","29":"tag-ultimasnoticias"},"share_on_mastodon":{"url":"https:\/\/pubeurope.com\/@pt\/115864267903104556","error":""},"_links":{"self":[{"href":"https:\/\/www.europesays.com\/pt\/wp-json\/wp\/v2\/posts\/221768","targetHints":{"allow":["GET"]}}],"collection":[{"href":"https:\/\/www.europesays.com\/pt\/wp-json\/wp\/v2\/posts"}],"about":[{"href":"https:\/\/www.europesays.com\/pt\/wp-json\/wp\/v2\/types\/post"}],"author":[{"embeddable":true,"href":"https:\/\/www.europesays.com\/pt\/wp-json\/wp\/v2\/users\/2"}],"replies":[{"embeddable":true,"href":"https:\/\/www.europesays.com\/pt\/wp-json\/wp\/v2\/comments?post=221768"}],"version-history":[{"count":0,"href":"https:\/\/www.europesays.com\/pt\/wp-json\/wp\/v2\/posts\/221768\/revisions"}],"wp:featuredmedia":[{"embeddable":true,"href":"https:\/\/www.europesays.com\/pt\/wp-json\/wp\/v2\/media\/221769"}],"wp:attachment":[{"href":"https:\/\/www.europesays.com\/pt\/wp-json\/wp\/v2\/media?parent=221768"}],"wp:term":[{"taxonomy":"category","embeddable":true,"href":"https:\/\/www.europesays.com\/pt\/wp-json\/wp\/v2\/categories?post=221768"},{"taxonomy":"post_tag","embeddable":true,"href":"https:\/\/www.europesays.com\/pt\/wp-json\/wp\/v2\/tags?post=221768"}],"curies":[{"name":"wp","href":"https:\/\/api.w.org\/{rel}","templated":true}]}}