{"id":221774,"date":"2026-01-09T08:50:07","date_gmt":"2026-01-09T08:50:07","guid":{"rendered":"https:\/\/www.europesays.com\/pt\/221774\/"},"modified":"2026-01-09T08:50:07","modified_gmt":"2026-01-09T08:50:07","slug":"terra-forte-rosinha-fica-em-choque-ao-ver-mane-e-joana-no-brasil","status":"publish","type":"post","link":"https:\/\/www.europesays.com\/pt\/221774\/","title":{"rendered":"Terra Forte: Rosinha fica em choque ao ver Man\u00e9 e Joana no Brasil"},"content":{"rendered":"<p>Em \u00abTerra Forte\u00bb, no pequeno-almo\u00e7o, Flor (Benedita Pereira) e Ant\u00f3nio (Jo\u00e3o Catarr\u00e9) est\u00e3o s\u00e9rios, deixando Rosinha (Francisca Salgado), Dudu (Tom\u00e1s Taborda) e Dani (Camy Ribau) intrigados. Flor diz a Rosinha que precisam falar sobre a heran\u00e7a. Carla (Marina Albuquerque) e Jos\u00e9 (Paulo Calatr\u00e9) chegam com Man\u00e9 (Sim\u00e3o Fumega) e Joana (Vera Macedo), deixando Rosinha, Dudu e Flor incr\u00e9dulos.<\/p>\n","protected":false},"excerpt":{"rendered":"Em \u00abTerra Forte\u00bb, no pequeno-almo\u00e7o, Flor (Benedita Pereira) e Ant\u00f3nio (Jo\u00e3o Catarr\u00e9) est\u00e3o s\u00e9rios, deixando Rosinha (Francisca Salgado),&hellip;\n","protected":false},"author":2,"featured_media":221775,"comment_status":"","ping_status":"","sticky":false,"template":"","format":"standard","meta":{"footnotes":""},"categories":[142],"tags":[48,28350,166,801,114,115,28349,28348,28347,13,2931,161,32,28346,33,18614,151,162,28344,28345,28343,28342,28340,28341],"class_list":{"0":"post-221774","1":"post","2":"type-post","3":"status-publish","4":"format-standard","5":"has-post-thumbnail","7":"category-tv","8":"tag-big-brother","9":"tag-bigbrother-tvi","10":"tag-cristina-ferreira","11":"tag-dois-as-10","12":"tag-entertainment","13":"tag-entretenimento","14":"tag-festas-tvi","15":"tag-goucha","16":"tag-guia-tv","17":"tag-noticias","18":"tag-novela","19":"tag-novelas","20":"tag-portugal","21":"tag-programas-tvi","22":"tag-pt","23":"tag-terra-forte","24":"tag-tv","25":"tag-tvi","26":"tag-tvi-3-0","27":"tag-tvi-30","28":"tag-tvi-internacional","29":"tag-tvi-reality","30":"tag-tvificcao","31":"tag-tviplayer"},"share_on_mastodon":{"url":"https:\/\/pubeurope.com\/@pt\/115864287456761279","error":""},"_links":{"self":[{"href":"https:\/\/www.europesays.com\/pt\/wp-json\/wp\/v2\/posts\/221774","targetHints":{"allow":["GET"]}}],"collection":[{"href":"https:\/\/www.europesays.com\/pt\/wp-json\/wp\/v2\/posts"}],"about":[{"href":"https:\/\/www.europesays.com\/pt\/wp-json\/wp\/v2\/types\/post"}],"author":[{"embeddable":true,"href":"https:\/\/www.europesays.com\/pt\/wp-json\/wp\/v2\/users\/2"}],"replies":[{"embeddable":true,"href":"https:\/\/www.europesays.com\/pt\/wp-json\/wp\/v2\/comments?post=221774"}],"version-history":[{"count":0,"href":"https:\/\/www.europesays.com\/pt\/wp-json\/wp\/v2\/posts\/221774\/revisions"}],"wp:featuredmedia":[{"embeddable":true,"href":"https:\/\/www.europesays.com\/pt\/wp-json\/wp\/v2\/media\/221775"}],"wp:attachment":[{"href":"https:\/\/www.europesays.com\/pt\/wp-json\/wp\/v2\/media?parent=221774"}],"wp:term":[{"taxonomy":"category","embeddable":true,"href":"https:\/\/www.europesays.com\/pt\/wp-json\/wp\/v2\/categories?post=221774"},{"taxonomy":"post_tag","embeddable":true,"href":"https:\/\/www.europesays.com\/pt\/wp-json\/wp\/v2\/tags?post=221774"}],"curies":[{"name":"wp","href":"https:\/\/api.w.org\/{rel}","templated":true}]}}