{"id":221778,"date":"2026-01-09T08:54:13","date_gmt":"2026-01-09T08:54:13","guid":{"rendered":"https:\/\/www.europesays.com\/pt\/221778\/"},"modified":"2026-01-09T08:54:13","modified_gmt":"2026-01-09T08:54:13","slug":"saiba-o-impacto-da-retirada-de-vacinas-do-calendario-de-imunizacao-nos-eua","status":"publish","type":"post","link":"https:\/\/www.europesays.com\/pt\/221778\/","title":{"rendered":"Saiba o impacto da retirada de vacinas do calend\u00e1rio de imuniza\u00e7\u00e3o nos EUA"},"content":{"rendered":"<p data-start=\"163\" data-end=\"547\">Os impactos da recente <a href=\"https:\/\/www.correiobraziliense.com.br\/mundo\/2026\/01\/7326935-eua-retira-seis-vacinas-do-calendario-infantil-recomendado.html\" target=\"_blank\" rel=\"nofollow noopener\">medida adotada nos Estados Unidos (EUA) de excluir seis vacinas recomendadas para crian\u00e7as no calend\u00e1rio de imuniza\u00e7\u00e3o<\/a> foram tema do CB.Sa\u00fade \u2014 parceria entre Correio e TV Bras\u00edlia \u2014 desta quinta-feira (8\/1). As jornalistas Carmen Souza e Sibele Negromonte entrevistaram a pediatra Andr\u00e9a J\u00e1como,\u00a0professora de medicina no Centro Universit\u00e1rio de Bras\u00edlia (Ceub).\u00a0<\/p>\n<p data-start=\"549\" data-end=\"951\">O Centro de Controle e Preven\u00e7\u00e3o de Doen\u00e7as (CDC) passou a classificar as vacinas entre aquelas\u00a0que continuam sendo recomendadas, as\u00a0indicadas apenas para grupos de risco e as que devem ser discutidas entre as fam\u00edlias e os pediatras. As vacinas atingidas pela medida s\u00e3o\u00a0contra hepatite A e B, gripe, meningococo, v\u00edrus sincicial respirat\u00f3rio e rotav\u00edrus.<\/p>\n<p data-start=\"549\" data-end=\"951\">Para\u00a0Andr\u00e9a J\u00e1como, al\u00e9m do impacto na sa\u00fade coletiva, a retirada desses imunizantes tamb\u00e9m gera custos elevados \u00e0 popula\u00e7\u00e3o norte-americana.<\/p>\n<p data-start=\"953\" data-end=\"1208\">\u201cComo l\u00e1 n\u00e3o existe o Sistema \u00danico de Sa\u00fade (SUS), isso significa um custo direto para as fam\u00edlias, que precisam decidir se v\u00e3o pagar ou n\u00e3o pela imuniza\u00e7\u00e3o. Al\u00e9m disso, s\u00e3o vacinas caras, dentro de uma estrat\u00e9gia isolada do CDC\u201d, explicou a especialista.<\/p>\n<p data-start=\"1210\" data-end=\"1604\">Segundo a pediatra, esse impacto financeiro est\u00e1 diretamente relacionado ao aumento de interna\u00e7\u00f5es evit\u00e1veis. O rotav\u00edrus, por exemplo, retirado da lista, provoca entre 40 mil e 50 mil interna\u00e7\u00f5es por ano nos EUA. \u201cMuitas vezes, se pensa que \u00e9 \u2018apenas uma diarreia\u2019, mas a diarreia e a desidrata\u00e7\u00e3o est\u00e3o entre as principais causas de morte em crian\u00e7as menores de cinco anos\u201d, alertou.<\/p>\n<p data-start=\"1210\" data-end=\"1604\">Ainda em rela\u00e7\u00e3o ao rotav\u00edrus, a pediatra lembrou que o Brasil mudou de cen\u00e1rio em 2006, com a inclus\u00e3o da vacina no calend\u00e1rio nacional. \u201cMesmo com uma \u00fanica cepa dispon\u00edvel na rede p\u00fablica, a vacina\u00e7\u00e3o reduziu de forma significativa as interna\u00e7\u00f5es e as mortes por desidrata\u00e7\u00e3o decorrentes da diarreia\u201d, ressaltou.<\/p>\n<p>Hepatite e sarampo<\/p>\n<p data-start=\"1210\" data-end=\"1604\">Andr\u00e9a J\u00e1como destacou a import\u00e2ncia da vacina contra a hepatite B, que previne a <a href=\"https:\/\/www.correiobraziliense.com.br\/brasil\/2025\/12\/7316849-oms-certifica-fim-da-transmissao-do-hiv-de-mae-para-filho-no-brasil.html\" target=\"_blank\" rel=\"nofollow noopener\">transmiss\u00e3o vertical da m\u00e3e para o beb\u00ea<\/a>. \u201cAp\u00f3s a introdu\u00e7\u00e3o da vacina, houve uma redu\u00e7\u00e3o de 89% dos casos, algo que n\u00e3o \u00e9 alcan\u00e7ado com medicamentos. Situa\u00e7\u00e3o semelhante ocorre com a bronquiolite, que teve redu\u00e7\u00e3o de cerca de 50% dos casos ap\u00f3s um ano de vacina\u00e7\u00e3o.\u201d<\/p>\n<p data-start=\"1983\" data-end=\"2294\">A especialista refor\u00e7ou a import\u00e2ncia da vacina\u00e7\u00e3o para a popula\u00e7\u00e3o brasileira e fez uma compara\u00e7\u00e3o com o cen\u00e1rio norte-americano, alertando para os riscos de se relativizar a imuniza\u00e7\u00e3o.<\/p>\n<p data-start=\"2492\" data-end=\"2939\">\u201cN\u00e3o d\u00e1 para copiar modelos estrangeiros. Se observarmos o <a href=\"https:\/\/www.correiobraziliense.com.br\/cidades-df\/2025\/12\/7316785-secretaria-de-saude-aponta-baixa-cobertura-vacinal-no-df.html\" target=\"_blank\" rel=\"nofollow noopener\">sarampo<\/a>, nos EUA foram registrados mais de dois mil casos e tr\u00eas mortes em uma \u00fanica temporada. No Brasil, em 2018, houve mais de nove mil casos e 12 mortes apenas na regi\u00e3o Norte, sobretudo em crian\u00e7as n\u00e3o vacinadas. Nos EUA, 69% dos casos ocorreram em crian\u00e7as e adolescentes, e 93% eram n\u00e3o vacinados. Estamos falando de vacinas seguras, que salvam vidas\u201d, concluiu.<\/p>\n<p>Assista \u00e0 entrevista<\/p>\n<p data-start=\"2492\" data-end=\"2939\">\n<ul>\n<li><a href=\"https:\/\/wa.me\/?text=Saiba+o+impacto+da+retirada+de+vacinas+do+calend%C3%A1rio+de+imuniza%C3%A7%C3%A3o+nos+EUA%20https:\/\/www.correiobraziliense.com.br\/cidades-df\/2026\/01\/7328925-saiba-o-impacto-da-retirada-de-vacinas-do-calendario-de-imunizacao-nos-eua.html\" target=\"_blank\" title=\"Whatsapp\" aria-label=\"WhatsApp\" rel=\"nofollow noopener\"><\/a><\/li>\n<li><a href=\"https:\/\/www.facebook.com\/sharer.php?u=https:\/\/www.correiobraziliense.com.br%2Fcidades-df%2F2026%2F01%2F7328925-saiba-o-impacto-da-retirada-de-vacinas-do-calendario-de-imunizacao-nos-eua.html&amp;text=Saiba+o+impacto+da+retirada+de+vacinas+do+calend%C3%A1rio+de+imuniza%C3%A7%C3%A3o+nos+EUA\" target=\"_blank\" title=\"Facebook\" aria-label=\"Facebook\" rel=\"nofollow noopener\"><\/a><\/li>\n<li><a href=\"https:\/\/twitter.com\/intent\/tweet?url=https:\/\/www.correiobraziliense.com.br%2Fcidades-df%2F2026%2F01%2F7328925-saiba-o-impacto-da-retirada-de-vacinas-do-calendario-de-imunizacao-nos-eua.html&amp;text=Saiba+o+impacto+da+retirada+de+vacinas+do+calend%C3%A1rio+de+imuniza%C3%A7%C3%A3o+nos+EUA\" target=\"_blank\" title=\"Twitter\" aria-label=\"Twitter\" rel=\"nofollow noopener\"><\/a><\/li>\n<li><a href=\"https:\/\/profile.google.com\/cp\/CgovbS8wNzZ0dms1\" title=\"Google Discover\" target=\"_blank\" aria-label=\"Google Discover\" rel=\"nofollow noopener\"><img decoding=\"async\" src=\"https:\/\/www.europesays.com\/pt\/wp-content\/uploads\/2025\/12\/google-discover-icon.png\" style=\"height: 25px; margin: 0 !important; margin-left: 3px;\" alt=\"Google Discover Icon\"\/><\/a><\/li>\n<\/ul>\n<p>              <a href=\"https:\/\/www.correiobraziliense.com.br\/autor\/lara-costa\/page\/1\/\" style=\"height: 100%;\" rel=\"nofollow noopener\" target=\"_blank\"><img decoding=\"async\" class=\"hidden-print author-circle d-block h6 mt-0 mb-0 mr-6 text-center\" src=\"https:\/\/www.europesays.com\/pt\/wp-content\/uploads\/2026\/01\/lara_costa-29857824.png\" alt=\"\" width=\"40\" height=\"40\" loading=\"lazy\" style=\"object-fit:cover; width: 40px; height: 40px; margin-right:10px;\"\/><\/a><a href=\"https:\/\/www.correiobraziliense.com.br\/autor\/lara-costa\/page\/1\/\" rel=\"nofollow noopener\" target=\"_blank\"><img decoding=\"async\" class=\"hidden-print author-circle d-block h6 mt-0 mb-0 mr-6 text-center\" src=\"https:\/\/www.europesays.com\/pt\/wp-content\/uploads\/2026\/01\/lara_costa-29857824.png\" alt=\"\" width=\"40\" height=\"40\" loading=\"lazy\" style=\"object-fit:cover; width: 40px; height: 40px; margin-right:10px;\"\/><\/a>Lara Costa  <strong class=\"entryStrongAuthor\"\/><\/p>\n<p class=\"entryDescricaoAuthor\">Jornalista pela Universidade de Bras\u00edlia, atuou no Eu, Estudante e Trabalho&amp;Forma\u00e7\u00e3o Profissional<\/p>\n<p>                          <script async src=\"https:\/\/platform.twitter.com\/widgets.js\" charset=\"utf-8\"><\/script><\/p>\n","protected":false},"excerpt":{"rendered":"Os impactos da recente medida adotada nos Estados Unidos (EUA) de excluir seis vacinas recomendadas para crian\u00e7as no&hellip;\n","protected":false},"author":2,"featured_media":221779,"comment_status":"","ping_status":"","sticky":false,"template":"","format":"standard","meta":{"footnotes":""},"categories":[86],"tags":[25249,413,116,1496,4993,32,33,1670,117,2820],"class_list":{"0":"post-221778","1":"post","2":"type-post","3":"status-publish","4":"format-standard","5":"has-post-thumbnail","7":"category-saude","8":"tag-cb-saude","9":"tag-eua","10":"tag-health","11":"tag-hepatite-b","12":"tag-meningite","13":"tag-portugal","14":"tag-pt","15":"tag-sarampo","16":"tag-saude","17":"tag-vacinacao"},"share_on_mastodon":{"url":"https:\/\/pubeurope.com\/@pt\/115864303232684532","error":""},"_links":{"self":[{"href":"https:\/\/www.europesays.com\/pt\/wp-json\/wp\/v2\/posts\/221778","targetHints":{"allow":["GET"]}}],"collection":[{"href":"https:\/\/www.europesays.com\/pt\/wp-json\/wp\/v2\/posts"}],"about":[{"href":"https:\/\/www.europesays.com\/pt\/wp-json\/wp\/v2\/types\/post"}],"author":[{"embeddable":true,"href":"https:\/\/www.europesays.com\/pt\/wp-json\/wp\/v2\/users\/2"}],"replies":[{"embeddable":true,"href":"https:\/\/www.europesays.com\/pt\/wp-json\/wp\/v2\/comments?post=221778"}],"version-history":[{"count":0,"href":"https:\/\/www.europesays.com\/pt\/wp-json\/wp\/v2\/posts\/221778\/revisions"}],"wp:featuredmedia":[{"embeddable":true,"href":"https:\/\/www.europesays.com\/pt\/wp-json\/wp\/v2\/media\/221779"}],"wp:attachment":[{"href":"https:\/\/www.europesays.com\/pt\/wp-json\/wp\/v2\/media?parent=221778"}],"wp:term":[{"taxonomy":"category","embeddable":true,"href":"https:\/\/www.europesays.com\/pt\/wp-json\/wp\/v2\/categories?post=221778"},{"taxonomy":"post_tag","embeddable":true,"href":"https:\/\/www.europesays.com\/pt\/wp-json\/wp\/v2\/tags?post=221778"}],"curies":[{"name":"wp","href":"https:\/\/api.w.org\/{rel}","templated":true}]}}