{"id":221782,"date":"2026-01-09T09:00:08","date_gmt":"2026-01-09T09:00:08","guid":{"rendered":"https:\/\/www.europesays.com\/pt\/221782\/"},"modified":"2026-01-09T09:00:08","modified_gmt":"2026-01-09T09:00:08","slug":"adeptos-preparam-protesto-e-atacam-proprietario-do-man-united-palhaco-incompetente","status":"publish","type":"post","link":"https:\/\/www.europesays.com\/pt\/221782\/","title":{"rendered":"Adeptos preparam protesto e atacam propriet\u00e1rio do Man. United: \u00abPalha\u00e7o incompetente\u00bb"},"content":{"rendered":"<p>O grupo de adeptos &#8216;1958&#8217;, do <a class=\"autolink-enabled\" data-resource-id=\"102\" data-resource-type=\"team\" data-sport=\"football\" href=\"https:\/\/www.abola.pt\/futebol\/manchester-united-102\" rel=\"nofollow noopener\" target=\"_blank\">Manchester United<\/a>, que conta com 100 mil membros, planeia uma manifesta\u00e7\u00e3o num dos pr\u00f3ximos jogos do campeonato.<\/p>\n<p>Quando Sir Jim Ratcliffe entrou para a estrutura acionista do Manchester United, os adeptos viram-no como um salvador, dado que os propriet\u00e1rios americanos, a fam\u00edlia Glazer, tinham levado o clube a uma situa\u00e7\u00e3o prec\u00e1ria.<\/p>\n<p>No entanto, ap\u00f3s um ano em que demitiu centenas de funcion\u00e1rios do clube, alegando a necessidade de poupan\u00e7as, e apoiou um treinador, Ruben Amorim, que agora lhe custa 35 milh\u00f5es de euros, incluindo indemniza\u00e7\u00f5es, os adeptos tamb\u00e9m se demarcaram de Ratcliffe.<\/p>\n<p>O grupo mais veemente \u00e9 o &#8216;1958&#8217; e o jornal The Sun revelou que estes organizar\u00e3o uma manifesta\u00e7\u00e3o em Old Trafford, a 1 de fevereiro, data marcada para o jogo contra o <a class=\"autolink-enabled\" data-resource-id=\"98\" data-resource-type=\"team\" data-sport=\"football\" href=\"https:\/\/www.abola.pt\/futebol\/fulham-98\" rel=\"nofollow noopener\" target=\"_blank\">Fulham<\/a>.<\/p>\n<p>Um membro proeminente do referido grupo criticou Ratcliffe. \u00abDepois de passar de um desastre para outro, Ratcliffe parece um palha\u00e7o incompetente que est\u00e1 a transformar o clube num circo. Em vez de sermos os melhores da turma, somos o alvo de chacota de todos. Foram dias extraordin\u00e1rios e profundamente perturbadores no Manchester United. Em campo, assistimos a desempenhos med\u00edocres de uma equipa sem identidade, dire\u00e7\u00e3o ou ambi\u00e7\u00e3o. Fora de campo, o caos \u00e9 ainda maior\u00bb, criticou o porta-voz do grupo.<\/p>\n<p>Sobraram ataques tamb\u00e9m para o diretor de futebol Jason Wilcox e o diretor executivo Omar Berrada, nomeadamente quanto \u00e0 sa\u00edda de Amorim: \u00abParece que um treinador foi demitido n\u00e3o principalmente pelas atua\u00e7\u00f5es deplor\u00e1veis contra as equipas de Grimsby, Everton, West Ham e Wolves, mas sim por uma troca de palavras acalorada com Jason Wilcox.\u00bb<\/p>\n<p>\u00abDiz-se que Wilcox, um indiv\u00edduo com apenas nove meses de experi\u00eancia como diretor de futebol no Southampton, ter\u00e1 tentado intervir taticamente, apesar de o clube ter contratado Ruben, plenamente consciente do seu sistema r\u00edgido. A situa\u00e7\u00e3o \u00e9 inacredit\u00e1vel\u00bb, criticam ainda.<\/p>\n<p>\u00abAssistimos novamente a um Manchester United gerido por diretores que aprendem \u00e0 medida que avan\u00e7am, em detrimento dos resultados, da estabilidade e da credibilidade. Pedimos um voto de desconfian\u00e7a nos propriet\u00e1rios, em Berrada e em Wilcox!\u00bb, conclui-se.<\/p>\n","protected":false},"excerpt":{"rendered":"O grupo de adeptos &#8216;1958&#8217;, do Manchester United, que conta com 100 mil membros, planeia uma manifesta\u00e7\u00e3o num&hellip;\n","protected":false},"author":2,"featured_media":221783,"comment_status":"","ping_status":"","sticky":false,"template":"","format":"standard","meta":{"footnotes":""},"categories":[8],"tags":[27,28,15,16,14,25,26,21,22,12,13,19,20,32,23,24,33,17,18,29,30,31],"class_list":{"0":"post-221782","1":"post","2":"type-post","3":"status-publish","4":"format-standard","5":"has-post-thumbnail","7":"category-principais-noticias","8":"tag-breaking-news","9":"tag-breakingnews","10":"tag-featured-news","11":"tag-featurednews","12":"tag-headlines","13":"tag-latest-news","14":"tag-latestnews","15":"tag-main-news","16":"tag-mainnews","17":"tag-news","18":"tag-noticias","19":"tag-noticias-principais","20":"tag-noticiasprincipais","21":"tag-portugal","22":"tag-principais-noticias","23":"tag-principaisnoticias","24":"tag-pt","25":"tag-top-stories","26":"tag-topstories","27":"tag-ultimas","28":"tag-ultimas-noticias","29":"tag-ultimasnoticias"},"share_on_mastodon":{"url":"https:\/\/pubeurope.com\/@pt\/115864327007486450","error":""},"_links":{"self":[{"href":"https:\/\/www.europesays.com\/pt\/wp-json\/wp\/v2\/posts\/221782","targetHints":{"allow":["GET"]}}],"collection":[{"href":"https:\/\/www.europesays.com\/pt\/wp-json\/wp\/v2\/posts"}],"about":[{"href":"https:\/\/www.europesays.com\/pt\/wp-json\/wp\/v2\/types\/post"}],"author":[{"embeddable":true,"href":"https:\/\/www.europesays.com\/pt\/wp-json\/wp\/v2\/users\/2"}],"replies":[{"embeddable":true,"href":"https:\/\/www.europesays.com\/pt\/wp-json\/wp\/v2\/comments?post=221782"}],"version-history":[{"count":0,"href":"https:\/\/www.europesays.com\/pt\/wp-json\/wp\/v2\/posts\/221782\/revisions"}],"wp:featuredmedia":[{"embeddable":true,"href":"https:\/\/www.europesays.com\/pt\/wp-json\/wp\/v2\/media\/221783"}],"wp:attachment":[{"href":"https:\/\/www.europesays.com\/pt\/wp-json\/wp\/v2\/media?parent=221782"}],"wp:term":[{"taxonomy":"category","embeddable":true,"href":"https:\/\/www.europesays.com\/pt\/wp-json\/wp\/v2\/categories?post=221782"},{"taxonomy":"post_tag","embeddable":true,"href":"https:\/\/www.europesays.com\/pt\/wp-json\/wp\/v2\/tags?post=221782"}],"curies":[{"name":"wp","href":"https:\/\/api.w.org\/{rel}","templated":true}]}}