{"id":221784,"date":"2026-01-09T09:01:07","date_gmt":"2026-01-09T09:01:07","guid":{"rendered":"https:\/\/www.europesays.com\/pt\/221784\/"},"modified":"2026-01-09T09:01:07","modified_gmt":"2026-01-09T09:01:07","slug":"johnny-massaro-posa-com-atual-namorado-na-praia-da-bahia","status":"publish","type":"post","link":"https:\/\/www.europesays.com\/pt\/221784\/","title":{"rendered":"Johnny Massaro posa com atual namorado na praia da Bahia"},"content":{"rendered":"<p class=\"bullet mt-0\" data-v-232111b4=\"\"><a href=\"https:\/\/www.uol.com.br\/splash\/noticias\/2025\/08\/29\/johnny-massaro-evidencia-nova-serie-brasileira-questao-de-saude-publica.htm\" rel=\"nofollow noopener\" target=\"_blank\">Johnny Massaro<\/a>, 33, publicou uma galeria de fotos de sua estadia na Bahia, curtindo as praias locais.<\/p>\n<p>O que aconteceu<\/p>\n<p class=\"bullet\" data-v-232111b4=\"\"><strong>Em uma das imagens, o ator posa ao lado do atual namorado, Ulysses Moreira Costa.<\/strong> &#8220;Porque mist\u00e9rio sempre h\u00e1 de pintar por a\u00ed&#8221;, filosofou o famoso, citando a m\u00fasica &#8220;Esot\u00e9rico&#8221;, de Gilberto Gil, na legenda do post no Instagram.<\/p>\n<p class=\"bullet\" data-v-232111b4=\"\"><strong>\u00c9 a primeira vez que Johnny posta foto com Ulysses desde que os dois assumiram namoro. <\/strong>O casal oficializou o romance em novembro do ano passado, ao comparecer no festival Rock The Mountain, na regi\u00e3o serrana do Rio. Eles estavam acompanhados do irm\u00e3o do ator, Gian Massaro.<\/p>\n","protected":false},"excerpt":{"rendered":"Johnny Massaro, 33, publicou uma galeria de fotos de sua estadia na Bahia, curtindo as praias locais. O&hellip;\n","protected":false},"author":2,"featured_media":221785,"comment_status":"","ping_status":"","sticky":false,"template":"","format":"standard","meta":{"footnotes":""},"categories":[145],"tags":[211,210,114,115,32,33],"class_list":{"0":"post-221784","1":"post","2":"type-post","3":"status-publish","4":"format-standard","5":"has-post-thumbnail","7":"category-celebridades","8":"tag-celebridades","9":"tag-celebrities","10":"tag-entertainment","11":"tag-entretenimento","12":"tag-portugal","13":"tag-pt"},"share_on_mastodon":{"url":"https:\/\/pubeurope.com\/@pt\/115864330703625182","error":""},"_links":{"self":[{"href":"https:\/\/www.europesays.com\/pt\/wp-json\/wp\/v2\/posts\/221784","targetHints":{"allow":["GET"]}}],"collection":[{"href":"https:\/\/www.europesays.com\/pt\/wp-json\/wp\/v2\/posts"}],"about":[{"href":"https:\/\/www.europesays.com\/pt\/wp-json\/wp\/v2\/types\/post"}],"author":[{"embeddable":true,"href":"https:\/\/www.europesays.com\/pt\/wp-json\/wp\/v2\/users\/2"}],"replies":[{"embeddable":true,"href":"https:\/\/www.europesays.com\/pt\/wp-json\/wp\/v2\/comments?post=221784"}],"version-history":[{"count":0,"href":"https:\/\/www.europesays.com\/pt\/wp-json\/wp\/v2\/posts\/221784\/revisions"}],"wp:featuredmedia":[{"embeddable":true,"href":"https:\/\/www.europesays.com\/pt\/wp-json\/wp\/v2\/media\/221785"}],"wp:attachment":[{"href":"https:\/\/www.europesays.com\/pt\/wp-json\/wp\/v2\/media?parent=221784"}],"wp:term":[{"taxonomy":"category","embeddable":true,"href":"https:\/\/www.europesays.com\/pt\/wp-json\/wp\/v2\/categories?post=221784"},{"taxonomy":"post_tag","embeddable":true,"href":"https:\/\/www.europesays.com\/pt\/wp-json\/wp\/v2\/tags?post=221784"}],"curies":[{"name":"wp","href":"https:\/\/api.w.org\/{rel}","templated":true}]}}